{"id":5469,"date":"2013-06-08T13:16:00","date_gmt":"2013-06-08T10:16:00","guid":{"rendered":"http:\/\/www.demok.org\/?p=5469"},"modified":"2025-02-23T14:50:37","modified_gmt":"2025-02-23T11:50:37","slug":"afyon-subemizden-tatil-organizasyonu","status":"publish","type":"post","link":"https:\/\/test.demok.org\/index.php\/2013\/06\/08\/afyon-subemizden-tatil-organizasyonu\/","title":{"rendered":"AFYON \u015eUBEM\u0130ZDEN TAT\u0130L ORGAN\u0130ZASYONU"},"content":{"rendered":"\n<p> Afyon \u015ebe Ba\u015fkanl\u0131\u011f\u0131m\u0131zca geleneksel olarak her y\u0131l d\u00fczenlenen ve \u00fcyelerimizin be\u011fenerek kat\u0131ld\u0131\u011f\u0131 tatil etkinli\u011fi bu y\u0131lda 25-26-27 May\u0131s tarihleri aras\u0131nda ger\u00e7ekle\u015fti.\u00dclkemizin cennet k\u00f6\u015felerinden Side\u2019 de bulunan Pegasos World otelde ger\u00e7ekle\u015fen tatil organizasyonumuz \u00fcyelerimizin olduk\u00e7a memnun kald\u0131\u011f\u0131, birlikte vakit ge\u00e7irmenin\u00a0mutlulu\u011fu i\u00e7erisinde ge\u00e7ti. \u015eube Ba\u015fkanl\u0131\u011f\u0131m\u0131zca d\u00fczenlenen organizasyona kat\u0131lan \u00fcyelerimizn tek s\u0131k\u0131nt\u0131s\u0131 3 g\u00fcnl\u00fck tatil\u00a0s\u00fcresinin yetmemesi olarak g\u00f6r\u00fcld\u00fc.Birlikte yap\u0131lan de\u011ferlendirmelerde\u00a0s\u00fcrenin daha uzun olmas\u0131n\u0131n kat\u0131l\u0131m\u0131 artt\u0131raca\u011f\u0131n\u0131 ve daha faydal\u0131 olaca\u011f\u0131 konusu kararla\u015ft\u0131r\u0131ld\u0131.\u00a0Afyon \u015ebe Ba\u015fkan\u0131m\u0131z Ramazan T\u00dcMER ba\u015fta olmak \u00fczere organizasyonda eme\u011fi ge\u00e7en Afyon Y\u00f6netim Kurulu \u00fcyelerimizi ve kat\u0131l\u0131mc\u0131lar\u0131 tebrik ediyor gelecek senelerde daha g\u00fczel organizasyonlar\u0131n yap\u0131lmas\u0131n\u0131 bekliyoruz. <\/p>\n\n\n\nngg_shortcode_0_placeholder\n","protected":false},"excerpt":{"rendered":"<p>Afyon \u015ebe Ba\u015fkanl\u0131\u011f\u0131m\u0131zca geleneksel olarak her y\u0131l d\u00fczenlenen ve \u00fcyelerimizin be\u011fenerek kat\u0131ld\u0131\u011f\u0131 tatil etkinli\u011fi bu y\u0131lda 25-26-27 May\u0131s tarihleri aras\u0131nda<\/p>\n","protected":false},"author":2,"featured_media":8027,"comment_status":"open","ping_status":"open","sticky":false,"template":"","format":"standard","meta":{"ngg_post_thumbnail":0,"footnotes":""},"categories":[37,34,32,36,38],"tags":[],"class_list":["post-5469","post","type-post","status-publish","format-standard","has-post-thumbnail","hentry","category-afyon","category-galeri","category-guncel","category-resim","category-sube"],"magazineBlocksPostFeaturedMedia":{"thumbnail":"https:\/\/test.demok.org\/wp-content\/uploads\/2013\/06\/1_afyonon2-150x150.jpeg","medium":"https:\/\/test.demok.org\/wp-content\/uploads\/2013\/06\/1_afyonon2-300x114.jpeg","medium_large":"https:\/\/test.demok.org\/wp-content\/uploads\/2013\/06\/1_afyonon2-768x292.jpeg","large":"https:\/\/test.demok.org\/wp-content\/uploads\/2013\/06\/1_afyonon2.jpeg","1536x1536":"https:\/\/test.demok.org\/wp-content\/uploads\/2013\/06\/1_afyonon2.jpeg","2048x2048":"https:\/\/test.demok.org\/wp-content\/uploads\/2013\/06\/1_afyonon2.jpeg","colormag-highlighted-post":"https:\/\/test.demok.org\/wp-content\/uploads\/2013\/06\/1_afyonon2-392x272.jpeg","colormag-featured-post-medium":"https:\/\/test.demok.org\/wp-content\/uploads\/2013\/06\/1_afyonon2-390x205.jpeg","colormag-featured-post-small":"https:\/\/test.demok.org\/wp-content\/uploads\/2013\/06\/1_afyonon2-130x90.jpeg","colormag-featured-image":"https:\/\/test.demok.org\/wp-content\/uploads\/2013\/06\/1_afyonon2.jpeg","colormag-default-news":"https:\/\/test.demok.org\/wp-content\/uploads\/2013\/06\/1_afyonon2-150x150.jpeg","colormag-featured-image-large":"https:\/\/test.demok.org\/wp-content\/uploads\/2013\/06\/1_afyonon2.jpeg"},"magazineBlocksPostAuthor":{"name":"emrekurt","avatar":"https:\/\/secure.gravatar.com\/avatar\/b5d76b0c442a766da6f628967390b1610913af44d5d0de09c7789d44b6213d59?s=96&d=mm&r=g"},"magazineBlocksPostCommentsNumber":"0","magazineBlocksPostExcerpt":"Afyon \u015ebe Ba\u015fkanl\u0131\u011f\u0131m\u0131zca geleneksel olarak her y\u0131l d\u00fczenlenen ve \u00fcyelerimizin be\u011fenerek kat\u0131ld\u0131\u011f\u0131 tatil etkinli\u011fi bu y\u0131lda 25-26-27 May\u0131s tarihleri aras\u0131nda","magazineBlocksPostCategories":["Afyon \u015eubesi","Galeri","G\u00fcncel","Resimler","\u015eubelerden"],"magazineBlocksPostViewCount":26,"magazineBlocksPostReadTime":1,"magazine_blocks_featured_image_url":{"full":["https:\/\/test.demok.org\/wp-content\/uploads\/2013\/06\/1_afyonon2.jpeg",800,304,false],"medium":["https:\/\/test.demok.org\/wp-content\/uploads\/2013\/06\/1_afyonon2-300x114.jpeg",300,114,true],"thumbnail":["https:\/\/test.demok.org\/wp-content\/uploads\/2013\/06\/1_afyonon2-150x150.jpeg",150,150,true]},"magazine_blocks_author":{"display_name":"emrekurt","author_link":"https:\/\/test.demok.org\/index.php\/author\/emrekurt\/"},"magazine_blocks_comment":0,"magazine_blocks_author_image":"https:\/\/secure.gravatar.com\/avatar\/b5d76b0c442a766da6f628967390b1610913af44d5d0de09c7789d44b6213d59?s=96&d=mm&r=g","magazine_blocks_category":"<a href=\"https:\/\/test.demok.org\/index.php\/category\/afyon\/\" rel=\"category tag\">Afyon \u015eubesi<\/a> <a href=\"https:\/\/test.demok.org\/index.php\/category\/galeri\/\" rel=\"category tag\">Galeri<\/a> <a href=\"https:\/\/test.demok.org\/index.php\/category\/guncel\/\" rel=\"category tag\">G\u00fcncel<\/a> <a href=\"https:\/\/test.demok.org\/index.php\/category\/resim\/\" rel=\"category tag\">Resimler<\/a> <a href=\"https:\/\/test.demok.org\/index.php\/category\/sube\/\" rel=\"category tag\">\u015eubelerden<\/a>","_links":{"self":[{"href":"https:\/\/test.demok.org\/index.php\/wp-json\/wp\/v2\/posts\/5469","targetHints":{"allow":["GET"]}}],"collection":[{"href":"https:\/\/test.demok.org\/index.php\/wp-json\/wp\/v2\/posts"}],"about":[{"href":"https:\/\/test.demok.org\/index.php\/wp-json\/wp\/v2\/types\/post"}],"author":[{"embeddable":true,"href":"https:\/\/test.demok.org\/index.php\/wp-json\/wp\/v2\/users\/2"}],"replies":[{"embeddable":true,"href":"https:\/\/test.demok.org\/index.php\/wp-json\/wp\/v2\/comments?post=5469"}],"version-history":[{"count":1,"href":"https:\/\/test.demok.org\/index.php\/wp-json\/wp\/v2\/posts\/5469\/revisions"}],"predecessor-version":[{"id":8028,"href":"https:\/\/test.demok.org\/index.php\/wp-json\/wp\/v2\/posts\/5469\/revisions\/8028"}],"wp:featuredmedia":[{"embeddable":true,"href":"https:\/\/test.demok.org\/index.php\/wp-json\/wp\/v2\/media\/8027"}],"wp:attachment":[{"href":"https:\/\/test.demok.org\/index.php\/wp-json\/wp\/v2\/media?parent=5469"}],"wp:term":[{"taxonomy":"category","embeddable":true,"href":"https:\/\/test.demok.org\/index.php\/wp-json\/wp\/v2\/categories?post=5469"},{"taxonomy":"post_tag","embeddable":true,"href":"https:\/\/test.demok.org\/index.php\/wp-json\/wp\/v2\/tags?post=5469"}],"curies":[{"name":"wp","href":"https:\/\/api.w.org\/{rel}","templated":true}]}}