{"id":5583,"date":"2014-04-15T15:05:08","date_gmt":"2014-04-15T12:05:08","guid":{"rendered":"http:\/\/www.demok.org\/?p=5583"},"modified":"2025-02-26T14:44:11","modified_gmt":"2025-02-26T11:44:11","slug":"sivas-subesi-acildi","status":"publish","type":"post","link":"https:\/\/test.demok.org\/index.php\/2014\/04\/15\/sivas-subesi-acildi\/","title":{"rendered":"S\u0130VAS \u015eUBES\u0130 A\u00c7ILDI"},"content":{"rendered":"<p>&nbsp;Faaliyete ge\u00e7mesi i\u00e7in uzun zamand\u0131r \u00e7al\u0131\u015fmalarda bulundu\u011fumuz Sivas \u015eubemizin a\u00e7\u0131l\u0131\u015f\u0131n\u0131 3 May\u0131s 2014 tarihinde Sivas\u2019 ta ger\u00e7ekle\u015ftirdik.&nbsp;<\/p>\n<p>A\u00e7\u0131l\u0131\u015fta, Genel Merkez, DEMOKSAN ve \u015eubelerimizden Y\u00f6neticiler haz\u0131r bulundu. Ayr\u0131ca 4. B\u00f6lge M\u00fcd\u00fcr\u00fc ve 1978 mezunumuz H. Ahmet \u015eener ba\u015fta olmak \u00fczere Demiryolcular ve Sivil Toplum Kurulu\u015flar\u0131n\u0131n temsilcileri a\u00e7\u0131l\u0131\u015f\u0131m\u0131za kat\u0131ld\u0131.<\/p>\n<p>TCDD 4. B\u00f6lge M\u00fcd\u00fcrl\u00fc\u011f\u00fc Aile Lokalinde ger\u00e7ekle\u015ftirilen a\u00e7\u0131l\u0131\u015f\u0131n hemen ard\u0131ndan ayn\u0131 yerde hep birlikte \u00f6\u011fle yeme\u011fi yenildi.<\/p>\n<p>T\u00f6rene ba\u015far\u0131lar\u0131yla gururland\u0131\u011f\u0131m\u0131z 4.B\u00f6lge M\u00fcd\u00fcr\u00fc ve 1978 Mezunumuz Say\u0131n Hac\u0131 Ahmet \u015eener, Ula\u015ft\u0131rma Memur-Sen Sivas \u015eube Ba\u015fkan\u0131 Say\u0131n \u00d6mer Vatankulu, T\u00fcrk Ula\u015f\u0131m-Sen&nbsp; Sivas \u015eube Ba\u015fkan\u0131 Say\u0131n M.Nurullah Albayrak, BTS Sivas \u015eube Ba\u015fkan\u0131 Say\u0131n Ali \u015eim\u015fek, Demard Sivas \u015eube Ba\u015fkan\u0131 Say\u0131n Musa Hasbut\u00e7u kat\u0131ld\u0131lar. Yap\u0131lan konu\u015fmalarda ge\u00e7 te olsa Sivas \u015eubesinin a\u00e7\u0131lmas\u0131n\u0131n olumlu bulundu\u011fu de\u011ferlendirildi ve \u015eube Y\u00f6netimine ba\u015far\u0131lar dilendi.<\/p>\n<p>\u015eubenin kurulmas\u0131nda eme\u011fi ge\u00e7en t\u00fcm mezunlar\u0131m\u0131za, bu anlaml\u0131 g\u00fcnde bizimle olan Sivil Toplum Kurulu\u015fu Temsilcilerimize, 1978 Mezunumuz ve 4. B\u00f6lge M\u00fcd\u00fcr\u00fc H. Ahmet \u015eener ile demiryolcu mesai arkada\u015flar\u0131m\u0131za te\u015fekk\u00fcr ediyor, yeni \u015fubemize ba\u015far\u0131l\u0131 \u00e7al\u0131\u015fmalar diliyoruz. &nbsp;<\/p>\n<p>&nbsp;<\/p>\n<p>Sivas \u015eubemizin Kurucular Kurulu a\u015fa\u011f\u0131daki isimlerden olu\u015fuyor;<\/p>\n<p>1977 Mezunu Mehmet Rag\u0131p Sa\u011fl\u0131k,<\/p>\n<p>1978 Mezunu Muhsin Irmak,<\/p>\n<p>1981 Mezunu Naci Tur,<\/p>\n<p>1984 Mezunu Mustafa Aktop,<\/p>\n<p>1985 Mezunu Yusuf G\u00fcng\u00f6r,<\/p>\n<p>1986 Mezunu Abdullah \u0130\u015f,<\/p>\n<p>1995 Mezunu \u00d6zg\u00fcr Ayten,<\/p>\n<p>1997 Mezunu Mustafa \u00c7oban,<\/p>\n<p>1998 Mezunu Kenan Ersin,<\/p>\nngg_shortcode_0_placeholder\n","protected":false},"excerpt":{"rendered":"<p>&nbsp;Faaliyete ge\u00e7mesi i\u00e7in uzun zamand\u0131r \u00e7al\u0131\u015fmalarda bulundu\u011fumuz Sivas \u015eubemizin a\u00e7\u0131l\u0131\u015f\u0131n\u0131 3 May\u0131s 2014 tarihinde Sivas\u2019 ta ger\u00e7ekle\u015ftirdik.&nbsp; A\u00e7\u0131l\u0131\u015fta, Genel Merkez,<\/p>\n","protected":false},"author":2,"featured_media":8053,"comment_status":"open","ping_status":"open","sticky":false,"template":"","format":"standard","meta":{"ngg_post_thumbnail":0,"footnotes":""},"categories":[32,45,38],"tags":[],"class_list":["post-5583","post","type-post","status-publish","format-standard","has-post-thumbnail","hentry","category-guncel","category-sivas","category-sube"],"magazineBlocksPostFeaturedMedia":{"thumbnail":"https:\/\/test.demok.org\/wp-content\/uploads\/2014\/04\/ana2-150x150.jpeg","medium":"https:\/\/test.demok.org\/wp-content\/uploads\/2014\/04\/ana2-300x121.jpeg","medium_large":"https:\/\/test.demok.org\/wp-content\/uploads\/2014\/04\/ana2.jpeg","large":"https:\/\/test.demok.org\/wp-content\/uploads\/2014\/04\/ana2.jpeg","1536x1536":"https:\/\/test.demok.org\/wp-content\/uploads\/2014\/04\/ana2.jpeg","2048x2048":"https:\/\/test.demok.org\/wp-content\/uploads\/2014\/04\/ana2.jpeg","colormag-highlighted-post":"https:\/\/test.demok.org\/wp-content\/uploads\/2014\/04\/ana2-392x241.jpeg","colormag-featured-post-medium":"https:\/\/test.demok.org\/wp-content\/uploads\/2014\/04\/ana2-390x205.jpeg","colormag-featured-post-small":"https:\/\/test.demok.org\/wp-content\/uploads\/2014\/04\/ana2-130x90.jpeg","colormag-featured-image":"https:\/\/test.demok.org\/wp-content\/uploads\/2014\/04\/ana2.jpeg","colormag-default-news":"https:\/\/test.demok.org\/wp-content\/uploads\/2014\/04\/ana2-150x150.jpeg","colormag-featured-image-large":"https:\/\/test.demok.org\/wp-content\/uploads\/2014\/04\/ana2.jpeg"},"magazineBlocksPostAuthor":{"name":"emrekurt","avatar":"https:\/\/secure.gravatar.com\/avatar\/b5d76b0c442a766da6f628967390b1610913af44d5d0de09c7789d44b6213d59?s=96&d=mm&r=g"},"magazineBlocksPostCommentsNumber":"0","magazineBlocksPostExcerpt":"&nbsp;Faaliyete ge\u00e7mesi i\u00e7in uzun zamand\u0131r \u00e7al\u0131\u015fmalarda bulundu\u011fumuz Sivas \u015eubemizin a\u00e7\u0131l\u0131\u015f\u0131n\u0131 3 May\u0131s 2014 tarihinde Sivas\u2019 ta ger\u00e7ekle\u015ftirdik.&nbsp; A\u00e7\u0131l\u0131\u015fta, Genel Merkez,","magazineBlocksPostCategories":["G\u00fcncel","Sivas \u015eubesi","\u015eubelerden"],"magazineBlocksPostViewCount":29,"magazineBlocksPostReadTime":2,"magazine_blocks_featured_image_url":{"full":["https:\/\/test.demok.org\/wp-content\/uploads\/2014\/04\/ana2.jpeg",600,241,false],"medium":["https:\/\/test.demok.org\/wp-content\/uploads\/2014\/04\/ana2-300x121.jpeg",300,121,true],"thumbnail":["https:\/\/test.demok.org\/wp-content\/uploads\/2014\/04\/ana2-150x150.jpeg",150,150,true]},"magazine_blocks_author":{"display_name":"emrekurt","author_link":"https:\/\/test.demok.org\/index.php\/author\/emrekurt\/"},"magazine_blocks_comment":0,"magazine_blocks_author_image":"https:\/\/secure.gravatar.com\/avatar\/b5d76b0c442a766da6f628967390b1610913af44d5d0de09c7789d44b6213d59?s=96&d=mm&r=g","magazine_blocks_category":"<a href=\"https:\/\/test.demok.org\/index.php\/category\/guncel\/\" rel=\"category tag\">G\u00fcncel<\/a> <a href=\"https:\/\/test.demok.org\/index.php\/category\/sivas\/\" rel=\"category tag\">Sivas \u015eubesi<\/a> <a href=\"https:\/\/test.demok.org\/index.php\/category\/sube\/\" rel=\"category tag\">\u015eubelerden<\/a>","_links":{"self":[{"href":"https:\/\/test.demok.org\/index.php\/wp-json\/wp\/v2\/posts\/5583","targetHints":{"allow":["GET"]}}],"collection":[{"href":"https:\/\/test.demok.org\/index.php\/wp-json\/wp\/v2\/posts"}],"about":[{"href":"https:\/\/test.demok.org\/index.php\/wp-json\/wp\/v2\/types\/post"}],"author":[{"embeddable":true,"href":"https:\/\/test.demok.org\/index.php\/wp-json\/wp\/v2\/users\/2"}],"replies":[{"embeddable":true,"href":"https:\/\/test.demok.org\/index.php\/wp-json\/wp\/v2\/comments?post=5583"}],"version-history":[{"count":1,"href":"https:\/\/test.demok.org\/index.php\/wp-json\/wp\/v2\/posts\/5583\/revisions"}],"predecessor-version":[{"id":8054,"href":"https:\/\/test.demok.org\/index.php\/wp-json\/wp\/v2\/posts\/5583\/revisions\/8054"}],"wp:featuredmedia":[{"embeddable":true,"href":"https:\/\/test.demok.org\/index.php\/wp-json\/wp\/v2\/media\/8053"}],"wp:attachment":[{"href":"https:\/\/test.demok.org\/index.php\/wp-json\/wp\/v2\/media?parent=5583"}],"wp:term":[{"taxonomy":"category","embeddable":true,"href":"https:\/\/test.demok.org\/index.php\/wp-json\/wp\/v2\/categories?post=5583"},{"taxonomy":"post_tag","embeddable":true,"href":"https:\/\/test.demok.org\/index.php\/wp-json\/wp\/v2\/tags?post=5583"}],"curies":[{"name":"wp","href":"https:\/\/api.w.org\/{rel}","templated":true}]}}