{"id":5636,"date":"2015-06-11T15:29:34","date_gmt":"2015-06-11T12:29:34","guid":{"rendered":"http:\/\/www.demok.org\/?p=5636"},"modified":"2025-02-26T14:41:37","modified_gmt":"2025-02-26T11:41:37","slug":"ankara-subesi-nin-geleneksel-iftar-yemegi","status":"publish","type":"post","link":"https:\/\/test.demok.org\/index.php\/2015\/06\/11\/ankara-subesi-nin-geleneksel-iftar-yemegi\/","title":{"rendered":"Ankara \u015eubesi\u2019 nin geleneksel iftar yeme\u011fi"},"content":{"rendered":"<p>Demiryol Meslek Okulu Mezunlar\u0131 Derne\u011fi Ankara \u015eubesi taraf\u0131ndan 25.06.2015 Per\u015fembe g\u00fcn\u00fc Behi\u00e7bey Demirspor Tesisleri K\u0131r Bah\u00e7esinde Geleneksel \u0130ftar Yeme\u011fi ger\u00e7ekle\u015ftirildi.<\/p>\n<p>Emekli ve \u00e7al\u0131\u015fan mezunlar\u0131m\u0131z\u0131n ailece kat\u0131ld\u0131klar\u0131 iftar program\u0131, birlik ve beraberli\u011fin \u00f6n plana \u00e7\u0131kt\u0131\u011f\u0131 bir atmosferde ve co\u015fkulu bir \u015fekilde ge\u00e7ti.<\/p>\n<p>Her y\u0131l geleneksel hale getirilen iftar program\u0131nda, Ramazan ay\u0131n\u0131n manevi derinli\u011fi i\u00e7erisinde huzur ve ho\u015fg\u00f6r\u00fc sohbetleri edildi, b\u00fcy\u00fckten k\u00fc\u00e7\u00fc\u011fe herkes ortamdan keyif ald\u0131lar.<\/p>\nngg_shortcode_0_placeholder\n","protected":false},"excerpt":{"rendered":"<p>Demiryol Meslek Okulu Mezunlar\u0131 Derne\u011fi Ankara \u015eubesi taraf\u0131ndan 25.06.2015 Per\u015fembe g\u00fcn\u00fc Behi\u00e7bey Demirspor Tesisleri K\u0131r Bah\u00e7esinde Geleneksel \u0130ftar Yeme\u011fi ger\u00e7ekle\u015ftirildi.<\/p>\n","protected":false},"author":2,"featured_media":8048,"comment_status":"open","ping_status":"open","sticky":false,"template":"","format":"standard","meta":{"ngg_post_thumbnail":0,"footnotes":""},"categories":[31,34,32,36,38],"tags":[],"class_list":["post-5636","post","type-post","status-publish","format-standard","has-post-thumbnail","hentry","category-ankara","category-galeri","category-guncel","category-resim","category-sube"],"magazineBlocksPostFeaturedMedia":{"thumbnail":"https:\/\/test.demok.org\/wp-content\/uploads\/2015\/06\/ifrat-150x150.jpeg","medium":"https:\/\/test.demok.org\/wp-content\/uploads\/2015\/06\/ifrat-300x200.jpeg","medium_large":"https:\/\/test.demok.org\/wp-content\/uploads\/2015\/06\/ifrat.jpeg","large":"https:\/\/test.demok.org\/wp-content\/uploads\/2015\/06\/ifrat.jpeg","1536x1536":"https:\/\/test.demok.org\/wp-content\/uploads\/2015\/06\/ifrat.jpeg","2048x2048":"https:\/\/test.demok.org\/wp-content\/uploads\/2015\/06\/ifrat.jpeg","colormag-highlighted-post":"https:\/\/test.demok.org\/wp-content\/uploads\/2015\/06\/ifrat-392x272.jpeg","colormag-featured-post-medium":"https:\/\/test.demok.org\/wp-content\/uploads\/2015\/06\/ifrat-390x205.jpeg","colormag-featured-post-small":"https:\/\/test.demok.org\/wp-content\/uploads\/2015\/06\/ifrat-130x90.jpeg","colormag-featured-image":"https:\/\/test.demok.org\/wp-content\/uploads\/2015\/06\/ifrat.jpeg","colormag-default-news":"https:\/\/test.demok.org\/wp-content\/uploads\/2015\/06\/ifrat-150x150.jpeg","colormag-featured-image-large":"https:\/\/test.demok.org\/wp-content\/uploads\/2015\/06\/ifrat.jpeg"},"magazineBlocksPostAuthor":{"name":"emrekurt","avatar":"https:\/\/secure.gravatar.com\/avatar\/b5d76b0c442a766da6f628967390b1610913af44d5d0de09c7789d44b6213d59?s=96&d=mm&r=g"},"magazineBlocksPostCommentsNumber":"0","magazineBlocksPostExcerpt":"Demiryol Meslek Okulu Mezunlar\u0131 Derne\u011fi Ankara \u015eubesi taraf\u0131ndan 25.06.2015 Per\u015fembe g\u00fcn\u00fc Behi\u00e7bey Demirspor Tesisleri K\u0131r Bah\u00e7esinde Geleneksel \u0130ftar Yeme\u011fi ger\u00e7ekle\u015ftirildi.","magazineBlocksPostCategories":["Ankara \u015eubesi","Galeri","G\u00fcncel","Resimler","\u015eubelerden"],"magazineBlocksPostViewCount":26,"magazineBlocksPostReadTime":1,"magazine_blocks_featured_image_url":{"full":["https:\/\/test.demok.org\/wp-content\/uploads\/2015\/06\/ifrat.jpeg",600,400,false],"medium":["https:\/\/test.demok.org\/wp-content\/uploads\/2015\/06\/ifrat-300x200.jpeg",300,200,true],"thumbnail":["https:\/\/test.demok.org\/wp-content\/uploads\/2015\/06\/ifrat-150x150.jpeg",150,150,true]},"magazine_blocks_author":{"display_name":"emrekurt","author_link":"https:\/\/test.demok.org\/index.php\/author\/emrekurt\/"},"magazine_blocks_comment":0,"magazine_blocks_author_image":"https:\/\/secure.gravatar.com\/avatar\/b5d76b0c442a766da6f628967390b1610913af44d5d0de09c7789d44b6213d59?s=96&d=mm&r=g","magazine_blocks_category":"<a href=\"https:\/\/test.demok.org\/index.php\/category\/ankara\/\" rel=\"category tag\">Ankara \u015eubesi<\/a> <a href=\"https:\/\/test.demok.org\/index.php\/category\/galeri\/\" rel=\"category tag\">Galeri<\/a> <a href=\"https:\/\/test.demok.org\/index.php\/category\/guncel\/\" rel=\"category tag\">G\u00fcncel<\/a> <a href=\"https:\/\/test.demok.org\/index.php\/category\/resim\/\" rel=\"category tag\">Resimler<\/a> <a href=\"https:\/\/test.demok.org\/index.php\/category\/sube\/\" rel=\"category tag\">\u015eubelerden<\/a>","_links":{"self":[{"href":"https:\/\/test.demok.org\/index.php\/wp-json\/wp\/v2\/posts\/5636","targetHints":{"allow":["GET"]}}],"collection":[{"href":"https:\/\/test.demok.org\/index.php\/wp-json\/wp\/v2\/posts"}],"about":[{"href":"https:\/\/test.demok.org\/index.php\/wp-json\/wp\/v2\/types\/post"}],"author":[{"embeddable":true,"href":"https:\/\/test.demok.org\/index.php\/wp-json\/wp\/v2\/users\/2"}],"replies":[{"embeddable":true,"href":"https:\/\/test.demok.org\/index.php\/wp-json\/wp\/v2\/comments?post=5636"}],"version-history":[{"count":1,"href":"https:\/\/test.demok.org\/index.php\/wp-json\/wp\/v2\/posts\/5636\/revisions"}],"predecessor-version":[{"id":8049,"href":"https:\/\/test.demok.org\/index.php\/wp-json\/wp\/v2\/posts\/5636\/revisions\/8049"}],"wp:featuredmedia":[{"embeddable":true,"href":"https:\/\/test.demok.org\/index.php\/wp-json\/wp\/v2\/media\/8048"}],"wp:attachment":[{"href":"https:\/\/test.demok.org\/index.php\/wp-json\/wp\/v2\/media?parent=5636"}],"wp:term":[{"taxonomy":"category","embeddable":true,"href":"https:\/\/test.demok.org\/index.php\/wp-json\/wp\/v2\/categories?post=5636"},{"taxonomy":"post_tag","embeddable":true,"href":"https:\/\/test.demok.org\/index.php\/wp-json\/wp\/v2\/tags?post=5636"}],"curies":[{"name":"wp","href":"https:\/\/api.w.org\/{rel}","templated":true}]}}