{"id":5651,"date":"2015-12-11T15:38:01","date_gmt":"2015-12-11T12:38:01","guid":{"rendered":"http:\/\/www.demok.org\/?p=5651"},"modified":"2015-12-11T15:38:01","modified_gmt":"2015-12-11T12:38:01","slug":"1990-yili-mezunlarimizin-mezuniyette-25-yil-toreni","status":"publish","type":"post","link":"https:\/\/test.demok.org\/index.php\/2015\/12\/11\/1990-yili-mezunlarimizin-mezuniyette-25-yil-toreni\/","title":{"rendered":"1990 Y\u0131l\u0131 Mezunlar\u0131m\u0131z\u0131n \u201cMezuniyette 25.y\u0131l T\u00f6reni\u201d"},"content":{"rendered":"<p>Okulumuzdan 14. D\u00f6nemde mezun olan 1990 y\u0131l\u0131 mezunlar\u0131m\u0131z\u0131n \u201cMezuniyette 25. Y\u0131l\u201d etkinli\u011fi Ankara Angora otelde 21 Kas\u0131m 2015 tarihinde yap\u0131ld\u0131.<\/p>\n<p>Etkinlik saat 12.00 da \u00fcyelerimizin ve dernek y\u00f6neticilerinin gelmesi ile ba\u015flad\u0131. 60 kadar 1990 mezununun kat\u0131l\u0131m\u0131 ile ger\u00e7ekle\u015fen etkinli\u011fimiz sayg\u0131 duru\u015fu, \u0130stiklal Mar\u015f\u0131\u2019 m\u0131z\u0131n okunmas\u0131 ile devam etti.&nbsp; Genel Ba\u015fkan\u0131m\u0131z Alpaslan Taylan ilk konu\u015fmay\u0131 yapt\u0131. Konu\u015fmas\u0131na t\u00fcm kat\u0131l\u0131mc\u0131lara ho\u015f geldiniz diyerek ba\u015flayan Taylan Demok birlik ve beraberlik ruhunun en canl\u0131 \u00f6rne\u011fini hep birlikte ya\u015fad\u0131klar\u0131n\u0131, 25 y\u0131l \u00f6nce 1990 y\u0131l\u0131nda mezun olan arkada\u015flar\u0131n \u00e7a\u011fr\u0131ya cevap vererek T\u00fcrkiye\u2019 nin her yerinden geldiklerini s\u00f6yledi. Burada hasret giderdiklerini beraber olman\u0131n keyfini \u00e7\u0131kard\u0131klar\u0131n\u0131 anlatan Taylan nice 25 y\u0131llar\u0131 hep birlikte kutlamak temennisiyle s\u00f6zlerini tamamlad\u0131.<\/p>\n<p>Daha sonra 1990 y\u0131l\u0131 mezunlar\u0131n\u0131n foto\u011fraflar\u0131ndan olu\u015fan slayt g\u00f6sterisi hep birlikte seyredilerek 25. Y\u0131l sertifikalar\u0131n\u0131n da\u011f\u0131t\u0131m\u0131na ge\u00e7ildi.<\/p>\n<p>Toplant\u0131da bir konu\u015fma yapan Onur Kurulu Ba\u015fkan\u0131 \u015eevket Mungan Okulumuzun yeniden a\u00e7\u0131lmas\u0131 amac\u0131yla yapt\u0131\u011f\u0131 giri\u015fimleri ve g\u00f6r\u00fc\u015fmeleri salonda bulunan konuklarla payla\u015ft\u0131.<\/p>\n<p>Baz\u0131 1990 mezunu arkada\u015flar\u0131m\u0131z belge t\u00f6reni esnas\u0131nda g\u00f6r\u00fc\u015f ve duygular\u0131n\u0131 aktard\u0131lar. Organizasyonda b\u00fcy\u00fck emekleri olan Tuncay Ercan ve Nuri Ercan\u2019 te\u015fekk\u00fcr edildi.<\/p>\n<p>Pasta kesme t\u00f6reni ve kokteylin ard\u0131ndan 1990 Mezunlar\u0131n\u0131n 25. Y\u0131l etkinli\u011fi sona erdi.<\/p>\nngg_shortcode_0_placeholder\n","protected":false},"excerpt":{"rendered":"<p>Okulumuzdan 14. D\u00f6nemde mezun olan 1990 y\u0131l\u0131 mezunlar\u0131m\u0131z\u0131n \u201cMezuniyette 25. Y\u0131l\u201d etkinli\u011fi Ankara Angora otelde 21 Kas\u0131m 2015 tarihinde yap\u0131ld\u0131.<\/p>\n","protected":false},"author":2,"featured_media":5652,"comment_status":"open","ping_status":"open","sticky":false,"template":"","format":"standard","meta":{"ngg_post_thumbnail":0,"footnotes":""},"categories":[34,35,32,36],"tags":[],"class_list":["post-5651","post","type-post","status-publish","format-standard","has-post-thumbnail","hentry","category-galeri","category-genelmerkez","category-guncel","category-resim"],"magazineBlocksPostFeaturedMedia":{"thumbnail":"https:\/\/test.demok.org\/wp-content\/uploads\/2020\/03\/DSC_5429-150x150.jpeg","medium":"https:\/\/test.demok.org\/wp-content\/uploads\/2020\/03\/DSC_5429-300x200.jpeg","medium_large":"https:\/\/test.demok.org\/wp-content\/uploads\/2020\/03\/DSC_5429.jpeg","large":"https:\/\/test.demok.org\/wp-content\/uploads\/2020\/03\/DSC_5429.jpeg","1536x1536":"https:\/\/test.demok.org\/wp-content\/uploads\/2020\/03\/DSC_5429.jpeg","2048x2048":"https:\/\/test.demok.org\/wp-content\/uploads\/2020\/03\/DSC_5429.jpeg","colormag-highlighted-post":"https:\/\/test.demok.org\/wp-content\/uploads\/2020\/03\/DSC_5429-392x272.jpeg","colormag-featured-post-medium":"https:\/\/test.demok.org\/wp-content\/uploads\/2020\/03\/DSC_5429-390x205.jpeg","colormag-featured-post-small":"https:\/\/test.demok.org\/wp-content\/uploads\/2020\/03\/DSC_5429-130x90.jpeg","colormag-featured-image":"https:\/\/test.demok.org\/wp-content\/uploads\/2020\/03\/DSC_5429.jpeg","colormag-default-news":"https:\/\/test.demok.org\/wp-content\/uploads\/2020\/03\/DSC_5429-150x150.jpeg","colormag-featured-image-large":"https:\/\/test.demok.org\/wp-content\/uploads\/2020\/03\/DSC_5429.jpeg"},"magazineBlocksPostAuthor":{"name":"emrekurt","avatar":"https:\/\/secure.gravatar.com\/avatar\/b5d76b0c442a766da6f628967390b1610913af44d5d0de09c7789d44b6213d59?s=96&d=mm&r=g"},"magazineBlocksPostCommentsNumber":"0","magazineBlocksPostExcerpt":"Okulumuzdan 14. D\u00f6nemde mezun olan 1990 y\u0131l\u0131 mezunlar\u0131m\u0131z\u0131n \u201cMezuniyette 25. Y\u0131l\u201d etkinli\u011fi Ankara Angora otelde 21 Kas\u0131m 2015 tarihinde yap\u0131ld\u0131.","magazineBlocksPostCategories":["Galeri","Genel Merkez","G\u00fcncel","Resimler"],"magazineBlocksPostViewCount":24,"magazineBlocksPostReadTime":2,"magazine_blocks_featured_image_url":{"full":["https:\/\/test.demok.org\/wp-content\/uploads\/2020\/03\/DSC_5429.jpeg",600,400,false],"medium":["https:\/\/test.demok.org\/wp-content\/uploads\/2020\/03\/DSC_5429-300x200.jpeg",300,200,true],"thumbnail":["https:\/\/test.demok.org\/wp-content\/uploads\/2020\/03\/DSC_5429-150x150.jpeg",150,150,true]},"magazine_blocks_author":{"display_name":"emrekurt","author_link":"https:\/\/test.demok.org\/index.php\/author\/emrekurt\/"},"magazine_blocks_comment":0,"magazine_blocks_author_image":"https:\/\/secure.gravatar.com\/avatar\/b5d76b0c442a766da6f628967390b1610913af44d5d0de09c7789d44b6213d59?s=96&d=mm&r=g","magazine_blocks_category":"<a href=\"https:\/\/test.demok.org\/index.php\/category\/galeri\/\" rel=\"category tag\">Galeri<\/a> <a href=\"https:\/\/test.demok.org\/index.php\/category\/genelmerkez\/\" rel=\"category tag\">Genel Merkez<\/a> <a href=\"https:\/\/test.demok.org\/index.php\/category\/guncel\/\" rel=\"category tag\">G\u00fcncel<\/a> <a href=\"https:\/\/test.demok.org\/index.php\/category\/resim\/\" rel=\"category tag\">Resimler<\/a>","_links":{"self":[{"href":"https:\/\/test.demok.org\/index.php\/wp-json\/wp\/v2\/posts\/5651","targetHints":{"allow":["GET"]}}],"collection":[{"href":"https:\/\/test.demok.org\/index.php\/wp-json\/wp\/v2\/posts"}],"about":[{"href":"https:\/\/test.demok.org\/index.php\/wp-json\/wp\/v2\/types\/post"}],"author":[{"embeddable":true,"href":"https:\/\/test.demok.org\/index.php\/wp-json\/wp\/v2\/users\/2"}],"replies":[{"embeddable":true,"href":"https:\/\/test.demok.org\/index.php\/wp-json\/wp\/v2\/comments?post=5651"}],"version-history":[{"count":0,"href":"https:\/\/test.demok.org\/index.php\/wp-json\/wp\/v2\/posts\/5651\/revisions"}],"wp:featuredmedia":[{"embeddable":true,"href":"https:\/\/test.demok.org\/index.php\/wp-json\/wp\/v2\/media\/5652"}],"wp:attachment":[{"href":"https:\/\/test.demok.org\/index.php\/wp-json\/wp\/v2\/media?parent=5651"}],"wp:term":[{"taxonomy":"category","embeddable":true,"href":"https:\/\/test.demok.org\/index.php\/wp-json\/wp\/v2\/categories?post=5651"},{"taxonomy":"post_tag","embeddable":true,"href":"https:\/\/test.demok.org\/index.php\/wp-json\/wp\/v2\/tags?post=5651"}],"curies":[{"name":"wp","href":"https:\/\/api.w.org\/{rel}","templated":true}]}}