{"id":5657,"date":"2016-06-11T15:41:04","date_gmt":"2016-06-11T12:41:04","guid":{"rendered":"http:\/\/www.demok.org\/?p=5657"},"modified":"2016-06-11T15:41:04","modified_gmt":"2016-06-11T12:41:04","slug":"2016-yili-onur-kurulu-toplantimizi-gerceklestirdik","status":"publish","type":"post","link":"https:\/\/test.demok.org\/index.php\/2016\/06\/11\/2016-yili-onur-kurulu-toplantimizi-gerceklestirdik\/","title":{"rendered":"2016 y\u0131l\u0131 Onur Kurulu toplant\u0131m\u0131z\u0131 ger\u00e7ekle\u015ftirdik"},"content":{"rendered":"<p>Geleneksel Ak\u00e7ay Gecesi etkinlikleri kapsam\u0131nda her y\u0131l yap\u0131lan Onur Kurulu toplant\u0131m\u0131z 2 Haziran 2016 tarihinde \u015eevket Mungan\u2019 \u0131n ba\u015fkanl\u0131\u011f\u0131nda ger\u00e7ekle\u015fti.<\/p>\n<p>\u00dcyeler Naci \u015eakar, Ziya Ayd\u0131n, Ahmet H\u0131zl\u0131, Ertu\u011frul Dede, Osman K\u00f6ksal, Alpaslan Taylan, Talip \u00dcnal, \u015eener Eren, Tufan \u00d6zdemir ve Abdullah Y\u0131ld\u0131r\u0131m\u2019 \u0131n kat\u0131l\u0131mlar\u0131yla ger\u00e7ekle\u015fen Onur Kurulu toplant\u0131s\u0131nda son d\u00f6nemde TCDD\u2019 de ger\u00e7ekle\u015fen de\u011fi\u015fimler ve Derne\u011fimiz\u2019 le ilgili sorunlar g\u00f6r\u00fc\u015f\u00fclerek \u00e7\u00f6z\u00fcmler arand\u0131.<\/p>\n<p>Genel Ba\u015fkan Alpaslan Taylan taraf\u0131ndan Onur Kurulu \u00fcyelerine TCDD\u2019 nin yeniden yap\u0131lanmas\u0131 ile ilgi bilgiler verildi. TCDD Genel M\u00fcd\u00fcrl\u00fc\u011f\u00fcne atanan \u0130sa Apayd\u0131n\u2019 a yap\u0131lan hay\u0131rl\u0131 olsun ziyareti esnas\u0131nda g\u00fcndeme gelen TCDD Meslek Lisesi\u2019 nin vak\u0131f arac\u0131l\u0131\u011f\u0131yla yeniden a\u00e7\u0131labilmesi ile ilgili g\u00f6r\u00fc\u015f al\u0131\u015fveri\u015finde bulunuldu.<\/p>\n<p>2017 y\u0131l\u0131nda yap\u0131lacak etkinliklerinde de\u011ferlendirildi\u011fi toplant\u0131 iyi dilek temennileri ile sona erdi.<\/p>\n","protected":false},"excerpt":{"rendered":"<p>Geleneksel Ak\u00e7ay Gecesi etkinlikleri kapsam\u0131nda her y\u0131l yap\u0131lan Onur Kurulu toplant\u0131m\u0131z 2 Haziran 2016 tarihinde \u015eevket Mungan\u2019 \u0131n ba\u015fkanl\u0131\u011f\u0131nda ger\u00e7ekle\u015fti.<\/p>\n","protected":false},"author":2,"featured_media":5658,"comment_status":"open","ping_status":"open","sticky":false,"template":"","format":"standard","meta":{"ngg_post_thumbnail":0,"footnotes":""},"categories":[35,32],"tags":[],"class_list":["post-5657","post","type-post","status-publish","format-standard","has-post-thumbnail","hentry","category-genelmerkez","category-guncel"],"magazineBlocksPostFeaturedMedia":{"thumbnail":"https:\/\/test.demok.org\/wp-content\/uploads\/2020\/03\/onur2-150x150.jpeg","medium":"https:\/\/test.demok.org\/wp-content\/uploads\/2020\/03\/onur2-300x139.jpeg","medium_large":"https:\/\/test.demok.org\/wp-content\/uploads\/2020\/03\/onur2.jpeg","large":"https:\/\/test.demok.org\/wp-content\/uploads\/2020\/03\/onur2.jpeg","1536x1536":"https:\/\/test.demok.org\/wp-content\/uploads\/2020\/03\/onur2.jpeg","2048x2048":"https:\/\/test.demok.org\/wp-content\/uploads\/2020\/03\/onur2.jpeg","colormag-highlighted-post":"https:\/\/test.demok.org\/wp-content\/uploads\/2020\/03\/onur2-392x272.jpeg","colormag-featured-post-medium":"https:\/\/test.demok.org\/wp-content\/uploads\/2020\/03\/onur2-390x205.jpeg","colormag-featured-post-small":"https:\/\/test.demok.org\/wp-content\/uploads\/2020\/03\/onur2-130x90.jpeg","colormag-featured-image":"https:\/\/test.demok.org\/wp-content\/uploads\/2020\/03\/onur2.jpeg","colormag-default-news":"https:\/\/test.demok.org\/wp-content\/uploads\/2020\/03\/onur2-150x150.jpeg","colormag-featured-image-large":"https:\/\/test.demok.org\/wp-content\/uploads\/2020\/03\/onur2.jpeg"},"magazineBlocksPostAuthor":{"name":"emrekurt","avatar":"https:\/\/secure.gravatar.com\/avatar\/b5d76b0c442a766da6f628967390b1610913af44d5d0de09c7789d44b6213d59?s=96&d=mm&r=g"},"magazineBlocksPostCommentsNumber":"0","magazineBlocksPostExcerpt":"Geleneksel Ak\u00e7ay Gecesi etkinlikleri kapsam\u0131nda her y\u0131l yap\u0131lan Onur Kurulu toplant\u0131m\u0131z 2 Haziran 2016 tarihinde \u015eevket Mungan\u2019 \u0131n ba\u015fkanl\u0131\u011f\u0131nda ger\u00e7ekle\u015fti.","magazineBlocksPostCategories":["Genel Merkez","G\u00fcncel"],"magazineBlocksPostViewCount":24,"magazineBlocksPostReadTime":1,"magazine_blocks_featured_image_url":{"full":["https:\/\/test.demok.org\/wp-content\/uploads\/2020\/03\/onur2.jpeg",600,278,false],"medium":["https:\/\/test.demok.org\/wp-content\/uploads\/2020\/03\/onur2-300x139.jpeg",300,139,true],"thumbnail":["https:\/\/test.demok.org\/wp-content\/uploads\/2020\/03\/onur2-150x150.jpeg",150,150,true]},"magazine_blocks_author":{"display_name":"emrekurt","author_link":"https:\/\/test.demok.org\/index.php\/author\/emrekurt\/"},"magazine_blocks_comment":0,"magazine_blocks_author_image":"https:\/\/secure.gravatar.com\/avatar\/b5d76b0c442a766da6f628967390b1610913af44d5d0de09c7789d44b6213d59?s=96&d=mm&r=g","magazine_blocks_category":"<a href=\"https:\/\/test.demok.org\/index.php\/category\/genelmerkez\/\" rel=\"category tag\">Genel Merkez<\/a> <a href=\"https:\/\/test.demok.org\/index.php\/category\/guncel\/\" rel=\"category tag\">G\u00fcncel<\/a>","_links":{"self":[{"href":"https:\/\/test.demok.org\/index.php\/wp-json\/wp\/v2\/posts\/5657","targetHints":{"allow":["GET"]}}],"collection":[{"href":"https:\/\/test.demok.org\/index.php\/wp-json\/wp\/v2\/posts"}],"about":[{"href":"https:\/\/test.demok.org\/index.php\/wp-json\/wp\/v2\/types\/post"}],"author":[{"embeddable":true,"href":"https:\/\/test.demok.org\/index.php\/wp-json\/wp\/v2\/users\/2"}],"replies":[{"embeddable":true,"href":"https:\/\/test.demok.org\/index.php\/wp-json\/wp\/v2\/comments?post=5657"}],"version-history":[{"count":0,"href":"https:\/\/test.demok.org\/index.php\/wp-json\/wp\/v2\/posts\/5657\/revisions"}],"wp:featuredmedia":[{"embeddable":true,"href":"https:\/\/test.demok.org\/index.php\/wp-json\/wp\/v2\/media\/5658"}],"wp:attachment":[{"href":"https:\/\/test.demok.org\/index.php\/wp-json\/wp\/v2\/media?parent=5657"}],"wp:term":[{"taxonomy":"category","embeddable":true,"href":"https:\/\/test.demok.org\/index.php\/wp-json\/wp\/v2\/categories?post=5657"},{"taxonomy":"post_tag","embeddable":true,"href":"https:\/\/test.demok.org\/index.php\/wp-json\/wp\/v2\/tags?post=5657"}],"curies":[{"name":"wp","href":"https:\/\/api.w.org\/{rel}","templated":true}]}}