{"id":5660,"date":"2016-06-11T15:42:10","date_gmt":"2016-06-11T12:42:10","guid":{"rendered":"http:\/\/www.demok.org\/?p=5660"},"modified":"2016-06-11T15:42:10","modified_gmt":"2016-06-11T12:42:10","slug":"geleneksel-akcay-gecemiz-coskuyla-kutlandi","status":"publish","type":"post","link":"https:\/\/test.demok.org\/index.php\/2016\/06\/11\/geleneksel-akcay-gecemiz-coskuyla-kutlandi\/","title":{"rendered":"\u201cGeleneksel Ak\u00e7ay Gecemiz\u201d co\u015fkuyla kutland\u0131\u2026"},"content":{"rendered":"<p>Her y\u0131l hasretle beklenen Geleneksel Ak\u00e7ay Gecesi, 29 May\u0131s 04 Haziran 2016 tarihleri aras\u0131nda TCDD Ak\u00e7ay E\u011fitim ve Dinlenme Tesislerinde b\u00fcy\u00fck co\u015fku ve kat\u0131l\u0131m ile ger\u00e7ekle\u015ftirildi.<\/p>\n<p>Geleneksel Ak\u00e7ay Gecesi etkinlikleri \u00e7er\u00e7evesinde 01 Haziran 2016 \u00c7ar\u015famba g\u00fcn\u00fc 1979 Mezunlar\u0131m\u0131z onuruna \u201cEl Ele 40.Y\u0131l\u201d t\u00f6reni, 02 Haziran 2016 Per\u015fembe g\u00fcn\u00fc Onur Kurulu Toplant\u0131s\u0131, 03 Haziran 2016 Cuma g\u00fcn\u00fc ebediyete intikal etmi\u015f t\u00fcm meslek okulu mezunlar\u0131 ve yak\u0131nlar\u0131 i\u00e7in lokma hayr\u0131 yap\u0131ld\u0131.<\/p>\n<p>Geleneksel Gece 03 Haziran 2016 Cuma g\u00fcn\u00fc ger\u00e7ekle\u015ftirildi. Geleneksel Geceye Derne\u011fimiz Genel Ba\u015fkan\u0131 Alpaslan TAYLAN, Demoksan Ba\u015fkan\u0131 Talip \u00dcnal, Genel Mali Sekreter Tufan \u00d6zdemir, Demoksan Genel Sekreteri \u015eener Eren, \u0130zmir \u015eube Ba\u015fkan\u0131 Habil Emir ve \u015eube Sekreter Yrd. \u00d6zg\u00fcr \u00d6zkan, Adana \u015eube Ba\u015fkan\u0131 Mustafa Do\u011fan, Ankara \u015eube Ba\u015fkan\u0131 Abdullah Y\u0131ld\u0131r\u0131m kat\u0131ld\u0131lar.<\/p>\n<p>Her d\u00f6nemden Demok\u2019lunun kat\u0131ld\u0131\u011f\u0131 Geleneksel gecede arkada\u015fl\u0131k ve dostluk duygular\u0131 en \u00fcst seviyedeydi. El Ele 40.Y\u0131llar\u0131n\u0131 kutlayan 1979 mezunlar\u0131 ve 60.Y\u0131llar\u0131n\u0131 kutlayan 1959 Mezunlar\u0131 da Ak\u00e7ay Gecesinde bir araya geldiler ve renk katt\u0131lar. Dostluklar\u0131n\u0131 ve karde\u015fliklerinin ba\u015flang\u0131c\u0131 yar\u0131m as\u0131ra yakla\u015fan 1979 Mezunlar\u0131 40 y\u0131l s\u00fcren ve yar\u0131m\u0131 as\u0131r\u0131 geride b\u0131rakan 1959 mezunlar\u0131 60&nbsp;y\u0131l s\u00fcren dostluklar\u0131n\u0131 an\u0131lar\u0131n\u0131 yad ettiler.<\/p>\n<p>Gecenin ba\u015flang\u0131c\u0131nda bir konu\u015fma yapan Derne\u011fimizin Genel Ba\u015fkan\u0131 Alpaslan Taylan; \u201cT\u00fcrkiye\u2019 nin her bir yerinden bizimle olmak, dostlar\u0131n\u0131zla, arkada\u015flar\u0131n\u0131zla, karde\u015flerinizle bir arada olmak i\u00e7in b\u00fcy\u00fck zahmetlere katland\u0131n\u0131z. Eminim bug\u00fcn burada olabilmek i\u00e7in \u00e7e\u015fitli fedak\u00e2rl\u0131klarda bulundunuz. Bu g\u00fcnden sonra fedak\u00e2rl\u0131\u011f\u0131n\u0131z\u0131n tatl\u0131 bir an\u0131 olarak kalaca\u011f\u0131na inan\u0131yorum.<\/p>\n<p>Bu birlik ve beraberli\u011fin yerini hi\u00e7bir \u015fey tutamaz diyorum.<\/p>\n<p>\u201cDEMOK\u2019lular Fizan\u2019da da olsa DEMOK\u2019 lular\u0131n yan\u0131nda oluruz biz\u201d diyorum.<\/p>\n<p>Birlik ve beraberli\u011fin sembol\u00fc DEMOK ailesine huzurlar\u0131n\u0131zda bir kez daha te\u015fekk\u00fcr ediyorum. \u00c7ok ya\u015fay\u0131n var olun. Bug\u00fcn sahip oldu\u011fumuz DEMOK ruhu sonsuza kadar ya\u015fas\u0131n hep bizimle olsun\u201d diye s\u00f6zlerine ba\u015flad\u0131. Kat\u0131l\u0131mc\u0131lara ve eme\u011fi ge\u00e7enlere de\u011ferli katk\u0131lar\u0131ndan dolay\u0131 ayr\u0131 ayr\u0131 te\u015fekk\u00fcr ediyorum diyerek s\u00f6zlerini tamamlad\u0131.<\/p>\n<p>Gecemizin kusursuz ge\u00e7mesinde eme\u011fi ge\u00e7en TCDD E\u011fitim ve Dinlenme Tesisi personeli ad\u0131na Tesis m\u00fcd\u00fcr\u00fc Ekrem Abay\u2019a plaket verildi.<\/p>\n<p>Ayr\u0131ca 1961 Mezunu Emekli Haydarpa\u015fa Gar M\u00fcd\u00fcr\u00fc Osman K\u00f6ksal\u2019\u0131n k\u0131ymetli e\u015fi taraf\u0131ndan el eme\u011fi ile haz\u0131rlanm\u0131\u015f olan 3 boyutlu Atat\u00fcrk tablosu Derne\u011fimize hediye edildi.<\/p>\n<p>\u00dcyelerimiz aras\u0131nda d\u00fczenlenen tavla ve okey \u015fampiyonalar\u0131 da \u00e7ok \u00e7eki\u015fmeli ge\u00e7ti. Tavlada &nbsp;b\u00fcy\u00fck usta 1960 Mezunu Ertu\u011frul Dede, &nbsp;Okeyde 1978 Mezunu Arif Kara ve \u00d6mer Duran \u015fampiyon oldular. \u015eampiyonlara hediyeleri Genel Ba\u015fkan Alpaslan Taylan taraf\u0131ndan takdim edildi.<\/p>\n<p>Her y\u0131l oldu\u011fu gibi hediye \u00e7ekili\u015fi i\u00e7in piyango d\u00fczenlenerek biletler sat\u0131ld\u0131. Tatl\u0131 bir rekabete konu olan \u00e7ekili\u015f a\u011fal\u0131\u011f\u0131n\u0131 bu y\u0131lda 1961 Mezunu Emekli Haydarpa\u015fa Gar M\u00fcd\u00fcr\u00fc Osman K\u00f6ksal&nbsp; ve 1964 Mezunu Mustafa Bener a\u011fabeylerimiz yapt\u0131lar.<\/p>\n<p>\u00c7ok heyecanl\u0131 ge\u00e7en hediye \u00e7ekili\u015finde hediye isabet bilet sahiplerine hediyeleri takdim edildi.<\/p>\n<p>Muhte\u015fem ge\u00e7en gece e\u011flencenin ve gece \u00e7orbas\u0131n\u0131n ard\u0131ndan sona erdi.<\/p>\n<p>Bir sonraki y\u0131l tekrar bulu\u015fmak \u00fczere \u2026.<\/p>\nngg_shortcode_0_placeholder\n","protected":false},"excerpt":{"rendered":"<p>Her y\u0131l hasretle beklenen Geleneksel Ak\u00e7ay Gecesi, 29 May\u0131s 04 Haziran 2016 tarihleri aras\u0131nda TCDD Ak\u00e7ay E\u011fitim ve Dinlenme Tesislerinde<\/p>\n","protected":false},"author":2,"featured_media":5465,"comment_status":"open","ping_status":"open","sticky":false,"template":"","format":"standard","meta":{"ngg_post_thumbnail":0,"footnotes":""},"categories":[34,35,32,36],"tags":[],"class_list":["post-5660","post","type-post","status-publish","format-standard","has-post-thumbnail","hentry","category-galeri","category-genelmerkez","category-guncel","category-resim"],"magazineBlocksPostFeaturedMedia":{"thumbnail":"https:\/\/test.demok.org\/wp-content\/uploads\/2020\/03\/seffaf-logo-250-150x150.png","medium":"https:\/\/test.demok.org\/wp-content\/uploads\/2020\/03\/seffaf-logo-250.png","medium_large":"https:\/\/test.demok.org\/wp-content\/uploads\/2020\/03\/seffaf-logo-250.png","large":"https:\/\/test.demok.org\/wp-content\/uploads\/2020\/03\/seffaf-logo-250.png","1536x1536":"https:\/\/test.demok.org\/wp-content\/uploads\/2020\/03\/seffaf-logo-250.png","2048x2048":"https:\/\/test.demok.org\/wp-content\/uploads\/2020\/03\/seffaf-logo-250.png","colormag-highlighted-post":"https:\/\/test.demok.org\/wp-content\/uploads\/2020\/03\/seffaf-logo-250.png","colormag-featured-post-medium":"https:\/\/test.demok.org\/wp-content\/uploads\/2020\/03\/seffaf-logo-250-250x205.png","colormag-featured-post-small":"https:\/\/test.demok.org\/wp-content\/uploads\/2020\/03\/seffaf-logo-250-130x90.png","colormag-featured-image":"https:\/\/test.demok.org\/wp-content\/uploads\/2020\/03\/seffaf-logo-250.png","colormag-default-news":"https:\/\/test.demok.org\/wp-content\/uploads\/2020\/03\/seffaf-logo-250-150x150.png","colormag-featured-image-large":"https:\/\/test.demok.org\/wp-content\/uploads\/2020\/03\/seffaf-logo-250.png"},"magazineBlocksPostAuthor":{"name":"emrekurt","avatar":"https:\/\/secure.gravatar.com\/avatar\/b5d76b0c442a766da6f628967390b1610913af44d5d0de09c7789d44b6213d59?s=96&d=mm&r=g"},"magazineBlocksPostCommentsNumber":"0","magazineBlocksPostExcerpt":"Her y\u0131l hasretle beklenen Geleneksel Ak\u00e7ay Gecesi, 29 May\u0131s 04 Haziran 2016 tarihleri aras\u0131nda TCDD Ak\u00e7ay E\u011fitim ve Dinlenme Tesislerinde","magazineBlocksPostCategories":["Galeri","Genel Merkez","G\u00fcncel","Resimler"],"magazineBlocksPostViewCount":23,"magazineBlocksPostReadTime":4,"magazine_blocks_featured_image_url":{"full":["https:\/\/test.demok.org\/wp-content\/uploads\/2020\/03\/seffaf-logo-250.png",250,247,false],"medium":["https:\/\/test.demok.org\/wp-content\/uploads\/2020\/03\/seffaf-logo-250.png",250,247,false],"thumbnail":["https:\/\/test.demok.org\/wp-content\/uploads\/2020\/03\/seffaf-logo-250-150x150.png",150,150,true]},"magazine_blocks_author":{"display_name":"emrekurt","author_link":"https:\/\/test.demok.org\/index.php\/author\/emrekurt\/"},"magazine_blocks_comment":0,"magazine_blocks_author_image":"https:\/\/secure.gravatar.com\/avatar\/b5d76b0c442a766da6f628967390b1610913af44d5d0de09c7789d44b6213d59?s=96&d=mm&r=g","magazine_blocks_category":"<a href=\"https:\/\/test.demok.org\/index.php\/category\/galeri\/\" rel=\"category tag\">Galeri<\/a> <a href=\"https:\/\/test.demok.org\/index.php\/category\/genelmerkez\/\" rel=\"category tag\">Genel Merkez<\/a> <a href=\"https:\/\/test.demok.org\/index.php\/category\/guncel\/\" rel=\"category tag\">G\u00fcncel<\/a> <a href=\"https:\/\/test.demok.org\/index.php\/category\/resim\/\" rel=\"category tag\">Resimler<\/a>","_links":{"self":[{"href":"https:\/\/test.demok.org\/index.php\/wp-json\/wp\/v2\/posts\/5660","targetHints":{"allow":["GET"]}}],"collection":[{"href":"https:\/\/test.demok.org\/index.php\/wp-json\/wp\/v2\/posts"}],"about":[{"href":"https:\/\/test.demok.org\/index.php\/wp-json\/wp\/v2\/types\/post"}],"author":[{"embeddable":true,"href":"https:\/\/test.demok.org\/index.php\/wp-json\/wp\/v2\/users\/2"}],"replies":[{"embeddable":true,"href":"https:\/\/test.demok.org\/index.php\/wp-json\/wp\/v2\/comments?post=5660"}],"version-history":[{"count":0,"href":"https:\/\/test.demok.org\/index.php\/wp-json\/wp\/v2\/posts\/5660\/revisions"}],"wp:featuredmedia":[{"embeddable":true,"href":"https:\/\/test.demok.org\/index.php\/wp-json\/wp\/v2\/media\/5465"}],"wp:attachment":[{"href":"https:\/\/test.demok.org\/index.php\/wp-json\/wp\/v2\/media?parent=5660"}],"wp:term":[{"taxonomy":"category","embeddable":true,"href":"https:\/\/test.demok.org\/index.php\/wp-json\/wp\/v2\/categories?post=5660"},{"taxonomy":"post_tag","embeddable":true,"href":"https:\/\/test.demok.org\/index.php\/wp-json\/wp\/v2\/tags?post=5660"}],"curies":[{"name":"wp","href":"https:\/\/api.w.org\/{rel}","templated":true}]}}