{"id":5665,"date":"2016-12-11T15:44:31","date_gmt":"2016-12-11T12:44:31","guid":{"rendered":"http:\/\/www.demok.org\/?p=5665"},"modified":"2016-12-11T15:44:31","modified_gmt":"2016-12-11T12:44:31","slug":"teroru-lanetliyoruz","status":"publish","type":"post","link":"https:\/\/test.demok.org\/index.php\/2016\/12\/11\/teroru-lanetliyoruz\/","title":{"rendered":"TER\u00d6R\u00dc LANETL\u0130YORUZ"},"content":{"rendered":"<p>Cumartesi gecesi birli\u011fimizi ve dirli\u011fimizi hedef alan karanl\u0131k eller harekete ge\u00e7ti ve 44 vatan evlad\u0131n\u0131 \u015fehit etti. \u00dclkesini vatan\u0131n\u0131 seven her T\u00fcrk evlad\u0131n\u0131n nefretle telin etti\u011fi al\u00e7ak\u00e7a sald\u0131r\u0131da \u00e7ok say\u0131da vatanda\u015f\u0131m\u0131z da yaraland\u0131.<\/p>\n<p>Hi\u00e7bir kutsal\u0131, de\u011feri ve d\u00fc\u015f\u00fcncesi olmayan, kan emici zalimlerin, canavarlar\u0131n ma\u015fas\u0131 olmaktan ba\u015fka hi\u00e7bir niteli\u011fi olmayan insan m\u00fcsveddelerini lanetliyoruz.<\/p>\n<p>Cennet par\u00e7as\u0131 bu g\u00fczel vatan\u0131 birle\u015ftiren ruh \u00c7anakkale Sava\u015f\u0131nda, Kurtulu\u015f Sava\u015f\u0131nda \u015fehit ve gazilerimizin kanlar\u0131yla kazan\u0131ld\u0131. \u00dc\u00e7 be\u015f kendini bilmez \u00e7apulcunun korkak\u00e7a ve al\u00e7ak\u00e7a sald\u0131r\u0131lar millet\u00e7e kenetlenmemizi, dost ve d\u00fc\u015fman\u0131m\u0131z\u0131 daha iyi g\u00f6rmemizi sa\u011flamaktan ba\u015fka bir i\u015fe yaramayacakt\u0131r. Birli\u011fimizi b\u00fct\u00fcnl\u00fc\u011f\u00fcm\u00fcz\u00fc ve dirli\u011fimizi bozmaya \u00e7al\u0131\u015fan gaflet ve delalet i\u00e7erisindeki ahmaklar bilmelidirler ki emellerine asla ula\u015famayacaklar, yapt\u0131klar\u0131 canavarl\u0131klar\u0131n eninde sonunda hesab\u0131n\u0131 vereceklerdir.<\/p>\n<p>Bu duygu ve d\u00fc\u015f\u00fcncelerle \u015eehitlerimize Allah\u2019 tan rahmet yaral\u0131lar\u0131m\u0131za acil \u015fifalar diliyoruz.<\/p>\n<p>&nbsp;<br \/>\nDEMOK CAM\u0130ASI ADINA<\/p>\n<p>Alpaslan TAYLAN<\/p>\n<p>Genel Ba\u015fkan<\/p>\n","protected":false},"excerpt":{"rendered":"<p>Cumartesi gecesi birli\u011fimizi ve dirli\u011fimizi hedef alan karanl\u0131k eller harekete ge\u00e7ti ve 44 vatan evlad\u0131n\u0131 \u015fehit etti. \u00dclkesini vatan\u0131n\u0131 seven<\/p>\n","protected":false},"author":2,"featured_media":5666,"comment_status":"open","ping_status":"open","sticky":false,"template":"","format":"standard","meta":{"ngg_post_thumbnail":0,"footnotes":""},"categories":[35,32],"tags":[],"class_list":["post-5665","post","type-post","status-publish","format-standard","has-post-thumbnail","hentry","category-genelmerkez","category-guncel"],"magazineBlocksPostFeaturedMedia":{"thumbnail":"https:\/\/test.demok.org\/wp-content\/uploads\/2020\/03\/09131628_teror_lanetliyoruz-150x150.jpeg","medium":"https:\/\/test.demok.org\/wp-content\/uploads\/2020\/03\/09131628_teror_lanetliyoruz-300x103.jpeg","medium_large":"https:\/\/test.demok.org\/wp-content\/uploads\/2020\/03\/09131628_teror_lanetliyoruz.jpeg","large":"https:\/\/test.demok.org\/wp-content\/uploads\/2020\/03\/09131628_teror_lanetliyoruz.jpeg","1536x1536":"https:\/\/test.demok.org\/wp-content\/uploads\/2020\/03\/09131628_teror_lanetliyoruz.jpeg","2048x2048":"https:\/\/test.demok.org\/wp-content\/uploads\/2020\/03\/09131628_teror_lanetliyoruz.jpeg","colormag-highlighted-post":"https:\/\/test.demok.org\/wp-content\/uploads\/2020\/03\/09131628_teror_lanetliyoruz-392x205.jpeg","colormag-featured-post-medium":"https:\/\/test.demok.org\/wp-content\/uploads\/2020\/03\/09131628_teror_lanetliyoruz-390x205.jpeg","colormag-featured-post-small":"https:\/\/test.demok.org\/wp-content\/uploads\/2020\/03\/09131628_teror_lanetliyoruz-130x90.jpeg","colormag-featured-image":"https:\/\/test.demok.org\/wp-content\/uploads\/2020\/03\/09131628_teror_lanetliyoruz.jpeg","colormag-default-news":"https:\/\/test.demok.org\/wp-content\/uploads\/2020\/03\/09131628_teror_lanetliyoruz-150x150.jpeg","colormag-featured-image-large":"https:\/\/test.demok.org\/wp-content\/uploads\/2020\/03\/09131628_teror_lanetliyoruz.jpeg"},"magazineBlocksPostAuthor":{"name":"emrekurt","avatar":"https:\/\/secure.gravatar.com\/avatar\/b5d76b0c442a766da6f628967390b1610913af44d5d0de09c7789d44b6213d59?s=96&d=mm&r=g"},"magazineBlocksPostCommentsNumber":"0","magazineBlocksPostExcerpt":"Cumartesi gecesi birli\u011fimizi ve dirli\u011fimizi hedef alan karanl\u0131k eller harekete ge\u00e7ti ve 44 vatan evlad\u0131n\u0131 \u015fehit etti. \u00dclkesini vatan\u0131n\u0131 seven","magazineBlocksPostCategories":["Genel Merkez","G\u00fcncel"],"magazineBlocksPostViewCount":26,"magazineBlocksPostReadTime":1,"magazine_blocks_featured_image_url":{"full":["https:\/\/test.demok.org\/wp-content\/uploads\/2020\/03\/09131628_teror_lanetliyoruz.jpeg",600,205,false],"medium":["https:\/\/test.demok.org\/wp-content\/uploads\/2020\/03\/09131628_teror_lanetliyoruz-300x103.jpeg",300,103,true],"thumbnail":["https:\/\/test.demok.org\/wp-content\/uploads\/2020\/03\/09131628_teror_lanetliyoruz-150x150.jpeg",150,150,true]},"magazine_blocks_author":{"display_name":"emrekurt","author_link":"https:\/\/test.demok.org\/index.php\/author\/emrekurt\/"},"magazine_blocks_comment":0,"magazine_blocks_author_image":"https:\/\/secure.gravatar.com\/avatar\/b5d76b0c442a766da6f628967390b1610913af44d5d0de09c7789d44b6213d59?s=96&d=mm&r=g","magazine_blocks_category":"<a href=\"https:\/\/test.demok.org\/index.php\/category\/genelmerkez\/\" rel=\"category tag\">Genel Merkez<\/a> <a href=\"https:\/\/test.demok.org\/index.php\/category\/guncel\/\" rel=\"category tag\">G\u00fcncel<\/a>","_links":{"self":[{"href":"https:\/\/test.demok.org\/index.php\/wp-json\/wp\/v2\/posts\/5665","targetHints":{"allow":["GET"]}}],"collection":[{"href":"https:\/\/test.demok.org\/index.php\/wp-json\/wp\/v2\/posts"}],"about":[{"href":"https:\/\/test.demok.org\/index.php\/wp-json\/wp\/v2\/types\/post"}],"author":[{"embeddable":true,"href":"https:\/\/test.demok.org\/index.php\/wp-json\/wp\/v2\/users\/2"}],"replies":[{"embeddable":true,"href":"https:\/\/test.demok.org\/index.php\/wp-json\/wp\/v2\/comments?post=5665"}],"version-history":[{"count":0,"href":"https:\/\/test.demok.org\/index.php\/wp-json\/wp\/v2\/posts\/5665\/revisions"}],"wp:featuredmedia":[{"embeddable":true,"href":"https:\/\/test.demok.org\/index.php\/wp-json\/wp\/v2\/media\/5666"}],"wp:attachment":[{"href":"https:\/\/test.demok.org\/index.php\/wp-json\/wp\/v2\/media?parent=5665"}],"wp:term":[{"taxonomy":"category","embeddable":true,"href":"https:\/\/test.demok.org\/index.php\/wp-json\/wp\/v2\/categories?post=5665"},{"taxonomy":"post_tag","embeddable":true,"href":"https:\/\/test.demok.org\/index.php\/wp-json\/wp\/v2\/tags?post=5665"}],"curies":[{"name":"wp","href":"https:\/\/api.w.org\/{rel}","templated":true}]}}