{"id":5668,"date":"2017-06-11T15:45:03","date_gmt":"2017-06-11T12:45:03","guid":{"rendered":"http:\/\/www.demok.org\/?p=5668"},"modified":"2017-06-11T15:45:03","modified_gmt":"2017-06-11T12:45:03","slug":"1980-mezunlarimiz-okula-girislerinin-40-yilini-hepbirlikte-kutladilar","status":"publish","type":"post","link":"https:\/\/test.demok.org\/index.php\/2017\/06\/11\/1980-mezunlarimiz-okula-girislerinin-40-yilini-hepbirlikte-kutladilar\/","title":{"rendered":"1980 Mezunlar\u0131m\u0131z Okula Giri\u015flerinin 40 Y\u0131l\u0131n\u0131 Hepbirlikte Kutlad\u0131lar"},"content":{"rendered":"<p>1980 Mezunlar\u0131m\u0131z\u0131n Demiryolu Meslek Lisesine giri\u015flerinin 40 y\u0131llar\u0131n\u0131 kutlad\u0131klar\u0131 \u201c Elele 40. Y\u0131l kutlama program\u0131; 22 May\u0131s 2017 tarihinde Ak\u00e7ay E\u011fitim ve Dinlenme Tesislerinde ger\u00e7ekle\u015fti.<\/p>\n<p>Program\u0131n ba\u015flang\u0131c\u0131nda bir konu\u015fma yapan Genel Ba\u015fkan Alpaslan Taylan 1980 mezunlar\u0131n\u0131 ve kat\u0131l\u0131mc\u0131lara ho\u015fgeldiniz diyerek s\u00f6zlerine ba\u015flad\u0131.<\/p>\n<p>\u201cBir davetle uzaklardan buralara gelmek, hasret gidermek, karde\u015fleri, arkada\u015flar\u0131 ve a\u011fabeyleri g\u00f6rmek i\u00e7in zahmetlere katlanmak ne kadar g\u00fczel. B\u00f6yle bir camian\u0131n bir ferdi olmak, onlarla bir ve beraber olmak ne kadar gurur verici. Karde\u015flik ve arkada\u015fl\u0131k duygular\u0131yla ba\u011fland\u0131\u011f\u0131m bu camian\u0131n her ferdine binlerce kez te\u015fekk\u00fcr diyorum. Bu gururu bana ya\u015fatt\u0131klar\u0131 ve bu g\u00fczel camian\u0131n bir ferdi oldu\u011fum i\u00e7in.<\/p>\n<p>Bu co\u015fkuyu ve sevinci payla\u015fmam\u0131za vesile olan \u015feyin DEMOK ruhu oldu\u011funu burada bir kez daha tekrarl\u0131yorum. Bu ruhu kaybetmemeye \u00f6zen g\u00f6stermeliyiz.<\/p>\n<p>Derne\u011fimize, okulumuza ve rozetimize sahip \u00e7\u0131kmal\u0131y\u0131z. De\u011ferli arkada\u015flar\u0131m, birlik ve beraberli\u011fimizi koruduk\u00e7a aile olmaya devam edebiliriz, bu birlik ve beraberli\u011fin yerini hi\u00e7bir \u015fey tutamaz.<\/p>\n<p>1942 y\u0131l\u0131nda \u00f6\u011frenim hayat\u0131na ba\u015flayan e\u011fitim yuvam\u0131zdan binlerce DEMOKLU mezun oldu. Hepsi demiryollar\u0131 i\u00e7in \u00fclkemiz i\u00e7in canla ba\u015fla \u00e7al\u0131\u015farak bir\u00e7ok mucizeye imza att\u0131. Bug\u00fcn demiryollar\u0131m\u0131z\u0131n geli\u015fmi\u015fli\u011finde hepimizin katk\u0131lar\u0131 var.<\/p>\n<p>2014 y\u0131l\u0131ndan itibaren okula ba\u015flamam\u0131z\u0131n 40 Y\u0131l\u0131n\u0131 kutluyoruz. Bu etkinlikteki amac\u0131m\u0131z her etkinli\u011fimizde oldu\u011fu gibi biraraya gelerek hasret gidermek zaten aram\u0131zda olan karde\u015flik duygular\u0131n\u0131n artmas\u0131n\u0131 sa\u011flamak. Bug\u00fcnde burada 1980 mezunlar\u0131m\u0131z haz\u0131rlar ve el ele 40 y\u0131llar\u0131n\u0131 kutluyorlar. Birden s\u00f6yleyince \u00e7ok kolay olsa da 40 y\u0131l bir \u00f6m\u00fcr nerdeyse. Bir \u00f6m\u00fcr birbirlerinden kopmayan ve T\u00fcrkiye\u2019 nin her yerinden bug\u00fcn burada bizimle ve karde\u015fleriyle bir arada olmak i\u00e7in gelen 1980 mezunlar\u0131m\u0131z\u0131n \u00f6n\u00fcnde sayg\u0131yla e\u011filiyorum.<\/p>\n<p>\u0130n\u015fallah 50-60-70 ve Allah \u00f6m\u00fcr verirse daha fazlas\u0131nda hep birlikte oluruz.<\/p>\n<p>Ben s\u00f6z\u00fc daha fazla uzatmak istemiyorum. Malum daha gecemiz devam edecek, bu gece 1980 mezunlar\u0131m\u0131z\u0131n g\u00f6n\u00fcllerince e\u011flence diliyorum. Sa\u011fl\u0131kla mutlulukla, ba\u015far\u0131yla dolu nice 40 y\u0131lllar diliyorum.\u201d Diyerek s\u00f6zlerini tamamlad\u0131.<\/p>\n<p>Genel Ba\u015fkan Alpaslan Taylan taraf\u0131ndan plaket takdimine ba\u015fland\u0131. Derne\u011fimiz taraf\u0131ndan bu g\u00fcne \u00f6zel haz\u0131rlanan plaketlerin 1980 Mezunlar\u0131na verilmesinin ard\u0131ndan \u201cEl Ele 40.y\u0131l\u201d pastas\u0131 kesildi.<\/p>\n<p>Hepbirlikte ger\u00e7ekle\u015ftirilen e\u011flencenin ard\u0131ndan program gecenin ilerleyen saatlerinde gece \u00e7orbas\u0131n\u0131n da\u011f\u0131t\u0131m\u0131yla bitti.<\/p>\n<p>Geceye uzak yak\u0131n gelerek sahip \u00e7\u0131kan t\u00fcm 1980 mezunlar\u0131na ve 1980 mezunlar\u0131n\u0131n toplanmas\u0131nda b\u00fcy\u00fck eme\u011fi olan Osman G\u00f6r\u2019 e te\u015fekk\u00fcr ediyoruz.<\/p>\nngg_shortcode_0_placeholder\n","protected":false},"excerpt":{"rendered":"<p>1980 Mezunlar\u0131m\u0131z\u0131n Demiryolu Meslek Lisesine giri\u015flerinin 40 y\u0131llar\u0131n\u0131 kutlad\u0131klar\u0131 \u201c Elele 40. Y\u0131l kutlama program\u0131; 22 May\u0131s 2017 tarihinde Ak\u00e7ay<\/p>\n","protected":false},"author":2,"featured_media":5669,"comment_status":"open","ping_status":"open","sticky":false,"template":"","format":"standard","meta":{"ngg_post_thumbnail":0,"footnotes":""},"categories":[34,35,32,36],"tags":[],"class_list":["post-5668","post","type-post","status-publish","format-standard","has-post-thumbnail","hentry","category-galeri","category-genelmerkez","category-guncel","category-resim"],"magazineBlocksPostFeaturedMedia":{"thumbnail":"https:\/\/test.demok.org\/wp-content\/uploads\/2020\/03\/manset-resmi-150x150.jpeg","medium":"https:\/\/test.demok.org\/wp-content\/uploads\/2020\/03\/manset-resmi-300x169.jpeg","medium_large":"https:\/\/test.demok.org\/wp-content\/uploads\/2020\/03\/manset-resmi.jpeg","large":"https:\/\/test.demok.org\/wp-content\/uploads\/2020\/03\/manset-resmi.jpeg","1536x1536":"https:\/\/test.demok.org\/wp-content\/uploads\/2020\/03\/manset-resmi.jpeg","2048x2048":"https:\/\/test.demok.org\/wp-content\/uploads\/2020\/03\/manset-resmi.jpeg","colormag-highlighted-post":"https:\/\/test.demok.org\/wp-content\/uploads\/2020\/03\/manset-resmi-392x272.jpeg","colormag-featured-post-medium":"https:\/\/test.demok.org\/wp-content\/uploads\/2020\/03\/manset-resmi-390x205.jpeg","colormag-featured-post-small":"https:\/\/test.demok.org\/wp-content\/uploads\/2020\/03\/manset-resmi-130x90.jpeg","colormag-featured-image":"https:\/\/test.demok.org\/wp-content\/uploads\/2020\/03\/manset-resmi.jpeg","colormag-default-news":"https:\/\/test.demok.org\/wp-content\/uploads\/2020\/03\/manset-resmi-150x150.jpeg","colormag-featured-image-large":"https:\/\/test.demok.org\/wp-content\/uploads\/2020\/03\/manset-resmi.jpeg"},"magazineBlocksPostAuthor":{"name":"emrekurt","avatar":"https:\/\/secure.gravatar.com\/avatar\/b5d76b0c442a766da6f628967390b1610913af44d5d0de09c7789d44b6213d59?s=96&d=mm&r=g"},"magazineBlocksPostCommentsNumber":"0","magazineBlocksPostExcerpt":"1980 Mezunlar\u0131m\u0131z\u0131n Demiryolu Meslek Lisesine giri\u015flerinin 40 y\u0131llar\u0131n\u0131 kutlad\u0131klar\u0131 \u201c Elele 40. Y\u0131l kutlama program\u0131; 22 May\u0131s 2017 tarihinde Ak\u00e7ay","magazineBlocksPostCategories":["Galeri","Genel Merkez","G\u00fcncel","Resimler"],"magazineBlocksPostViewCount":23,"magazineBlocksPostReadTime":3,"magazine_blocks_featured_image_url":{"full":["https:\/\/test.demok.org\/wp-content\/uploads\/2020\/03\/manset-resmi.jpeg",600,337,false],"medium":["https:\/\/test.demok.org\/wp-content\/uploads\/2020\/03\/manset-resmi-300x169.jpeg",300,169,true],"thumbnail":["https:\/\/test.demok.org\/wp-content\/uploads\/2020\/03\/manset-resmi-150x150.jpeg",150,150,true]},"magazine_blocks_author":{"display_name":"emrekurt","author_link":"https:\/\/test.demok.org\/index.php\/author\/emrekurt\/"},"magazine_blocks_comment":0,"magazine_blocks_author_image":"https:\/\/secure.gravatar.com\/avatar\/b5d76b0c442a766da6f628967390b1610913af44d5d0de09c7789d44b6213d59?s=96&d=mm&r=g","magazine_blocks_category":"<a href=\"https:\/\/test.demok.org\/index.php\/category\/galeri\/\" rel=\"category tag\">Galeri<\/a> <a href=\"https:\/\/test.demok.org\/index.php\/category\/genelmerkez\/\" rel=\"category tag\">Genel Merkez<\/a> <a href=\"https:\/\/test.demok.org\/index.php\/category\/guncel\/\" rel=\"category tag\">G\u00fcncel<\/a> <a href=\"https:\/\/test.demok.org\/index.php\/category\/resim\/\" rel=\"category tag\">Resimler<\/a>","_links":{"self":[{"href":"https:\/\/test.demok.org\/index.php\/wp-json\/wp\/v2\/posts\/5668","targetHints":{"allow":["GET"]}}],"collection":[{"href":"https:\/\/test.demok.org\/index.php\/wp-json\/wp\/v2\/posts"}],"about":[{"href":"https:\/\/test.demok.org\/index.php\/wp-json\/wp\/v2\/types\/post"}],"author":[{"embeddable":true,"href":"https:\/\/test.demok.org\/index.php\/wp-json\/wp\/v2\/users\/2"}],"replies":[{"embeddable":true,"href":"https:\/\/test.demok.org\/index.php\/wp-json\/wp\/v2\/comments?post=5668"}],"version-history":[{"count":0,"href":"https:\/\/test.demok.org\/index.php\/wp-json\/wp\/v2\/posts\/5668\/revisions"}],"wp:featuredmedia":[{"embeddable":true,"href":"https:\/\/test.demok.org\/index.php\/wp-json\/wp\/v2\/media\/5669"}],"wp:attachment":[{"href":"https:\/\/test.demok.org\/index.php\/wp-json\/wp\/v2\/media?parent=5668"}],"wp:term":[{"taxonomy":"category","embeddable":true,"href":"https:\/\/test.demok.org\/index.php\/wp-json\/wp\/v2\/categories?post=5668"},{"taxonomy":"post_tag","embeddable":true,"href":"https:\/\/test.demok.org\/index.php\/wp-json\/wp\/v2\/tags?post=5668"}],"curies":[{"name":"wp","href":"https:\/\/api.w.org\/{rel}","templated":true}]}}