{"id":5671,"date":"2016-06-11T15:46:43","date_gmt":"2016-06-11T12:46:43","guid":{"rendered":"http:\/\/www.demok.org\/?p=5671"},"modified":"2016-06-11T15:46:43","modified_gmt":"2016-06-11T12:46:43","slug":"1977-mezunlarimiz-mezuniyette-40-yillarini-kutladilar","status":"publish","type":"post","link":"https:\/\/test.demok.org\/index.php\/2016\/06\/11\/1977-mezunlarimiz-mezuniyette-40-yillarini-kutladilar\/","title":{"rendered":"1977 Mezunlar\u0131m\u0131z \u201cMezuniyette 40. Y\u0131llar\u0131n\u0131\u201d Kutlad\u0131lar"},"content":{"rendered":"<p>24 May\u0131s 2017 tarihinde Ak\u00e7ay E\u011fitim ve Dinlenme Tesislerinde ger\u00e7ekle\u015fen t\u00f6ren Genel Ba\u015fkan Alpaslan Taylan\u2019 \u0131n konu\u015fmas\u0131 ile ba\u015flad\u0131.<\/p>\n<p>Kat\u0131l\u0131mc\u0131lar\u0131 ve 1977 mezunlar\u0131m\u0131z\u0131 selamlayarak s\u00f6zlerine ba\u015flayan Genel Ba\u015fkan Alpaslan Taylan,&nbsp;Konu\u015fmam\u0131n ba\u015f\u0131nda cefakar ve vefakar s\u00f6z\u00fcn\u00fc bilerek s\u00f6yledim. Okulumuzun \u00f6\u011frenime ba\u015flad\u0131\u011f\u0131 1942 y\u0131l\u0131ndan sonra ara ara kapat\u0131lm\u0131\u015f ve yeniden \u00f6\u011frenime a\u00e7\u0131lm\u0131\u015ft\u0131. 1977 mezunlar\u0131m\u0131z da 1974 y\u0131l\u0131nda 10 y\u0131ll\u0131k bir aradan sonra a\u00e7\u0131l\u0131\u015fa rastgelen bir zamanda okula ba\u015flam\u0131\u015ft\u0131. 1977 mezunlar\u0131m\u0131z\u0131n okula ba\u015flad\u0131klar\u0131nda \u00f6nlerinde bir \u00f6rnek yoktu.&nbsp; Onlar \u00f6nc\u00fclerimizdi, a\u00e7t\u0131klar\u0131 yolda daha sonra nice DEMOK\u2019 lu yeti\u015fti. 1977 mezunu Abilerimiz karde\u015flerine rehber oldu.<\/p>\n<p>\u0130\u015fte bug\u00fcn aram\u0131zda bulunan abilerime bu y\u00fczden cefakar ve vefakar dedim. &nbsp;Onlar \u015fimdi burada mezuniyetlerinde 40. y\u0131llar\u0131n\u0131 kutluyorlar. Huzurlar\u0131n\u0131zda hepsini ayr\u0131 ayr\u0131 tebrik ediyor, DEMOK ailesi ad\u0131na a\u00e7t\u0131klar\u0131 yoldan ilerleyen karde\u015fleri ad\u0131na te\u015fekk\u00fcr ediyorum. Biliyorum her DEMOK\u2019 lu \u00f6nc\u00fcd\u00fcr, \u00f6nderdir, Her zaman bahsetti\u011fim gibi DEMOK ailesinden olmak DEMOK ruhunu ta\u015f\u0131mak i\u015fte budur.<\/p>\n<p>S\u00f6zlerime son verirken 1977 mezunlar\u0131m\u0131z\u0131n mezuniyetlerinde ve meslekte 40.y\u0131llar\u0131n\u0131 Tebrik ediyorum, kutluyorum.<\/p>\n<p>Gecemize te\u015frif eden bizimle olan DEMOK ruhuna sahip \u00e7\u0131kan t\u00fcm kat\u0131l\u0131mc\u0131lara te\u015fekk\u00fcr ediyorum.<\/p>\n<p>S\u00f6zlerimi, hem pazartesi g\u00fcn\u00fc el ele 40. Y\u0131llar\u0131n\u0131 kutlayan 1980 mezunu a\u011fabeylerim hem de bug\u00fcn\u00fcn \u015feref konu\u011fu mezuniyette 40. Y\u0131l\u0131n\u0131 kutlayan 1977 mezunu a\u011fabeylerim i\u00e7in bir \u015fiir ile noktalamak istiyorum.<\/p>\n<p>Hepinize iyi e\u011flenceler diliyorum.\u201d&nbsp;diyerek s\u00f6zlerini tamamlad\u0131.<\/p>\n<p>Konu\u015fman\u0131n ard\u0131ndan Demiryol Meslek Lisesi\u2019nden &nbsp;1977 y\u0131l\u0131nda mezun olan mezunlar\u0131m\u0131za \u201cMezuniyette 40.Y\u0131l\u201d an\u0131s\u0131na Derne\u011fimiz taraf\u0131ndan plaket verildi.<\/p>\n<p>Plaket t\u00f6reninde 1977 mezunlar\u0131 ad\u0131na eski Sand\u0131k Ba\u015fkan\u0131\u2019 m\u0131z ve \u015eaban Ad\u0131g\u00fczel arkada\u015fl\u0131k ve karde\u015flik temal\u0131 bir konu\u015fma yapt\u0131.<\/p>\n<p>Genel Ba\u015fkan Alpaslan Taylan taraf\u0131ndan 1977 mezunlar\u0131na plaket verilmesinin ard\u0131ndan son plaket okulumuzda bir d\u00f6nem \u00f6\u011fretmenlik yapan ve onur konu\u011fu 1960 mezunu Erol B\u00fcy\u00fckmeri\u00e7\u2019 e verildi.<\/p>\n<p>\u00c7ok duygulanan Erol B\u00fcy\u00fckmeri\u00e7 duygular\u0131n\u0131 aktaran bir konu\u015fma yapt\u0131.<\/p>\n<p>Plaket t\u00f6reninden sonra 1977 mezunlar\u0131 i\u00e7in haz\u0131rlanan \u201cMezuniyette 40.y\u0131l\u201d pastas\u0131 hep birlikte kesildi.&nbsp;<\/p>\n<p>T\u00f6renin ard\u0131ndan 1977 mezunlar\u0131 doyas\u0131ya e\u011flendi, &nbsp;gecenin ilerleyen saatlerinde gece \u00e7orbas\u0131n\u0131n da\u011f\u0131t\u0131m\u0131yla bitti.<\/p>\n<p>1977 mezunlar\u0131n\u0131n \u201cMezuniyette 40. Y\u0131l T\u00f6reni taraf\u0131ndan b\u00fcy\u00fck ilgi g\u00f6rd\u00fc ve yo\u011fun bir kat\u0131l\u0131mla ger\u00e7ekle\u015fti.<\/p>\n<p>DEMOK ailesi ad\u0131na geceye uzak yak\u0131n gelerek sahip \u00e7\u0131kan t\u00fcm 1977 mezunlar\u0131na ve 1977 mezunlar\u0131n\u0131n toplanmas\u0131nda b\u00fcy\u00fck eme\u011fi olan \u015eaban Ad\u0131g\u00fczel\u2019 e te\u015fekk\u00fcr ediyoruz. Nice 40. Y\u0131llar\u0131na birlikte kutlamalar\u0131n\u0131 diliyoruz.<\/p>\nngg_shortcode_0_placeholder\n","protected":false},"excerpt":{"rendered":"<p>24 May\u0131s 2017 tarihinde Ak\u00e7ay E\u011fitim ve Dinlenme Tesislerinde ger\u00e7ekle\u015fen t\u00f6ren Genel Ba\u015fkan Alpaslan Taylan\u2019 \u0131n konu\u015fmas\u0131 ile ba\u015flad\u0131. Kat\u0131l\u0131mc\u0131lar\u0131<\/p>\n","protected":false},"author":2,"featured_media":5672,"comment_status":"open","ping_status":"open","sticky":false,"template":"","format":"standard","meta":{"ngg_post_thumbnail":0,"footnotes":""},"categories":[34,35,32,36],"tags":[],"class_list":["post-5671","post","type-post","status-publish","format-standard","has-post-thumbnail","hentry","category-galeri","category-genelmerkez","category-guncel","category-resim"],"magazineBlocksPostFeaturedMedia":{"thumbnail":"https:\/\/test.demok.org\/wp-content\/uploads\/2020\/03\/56-150x150.jpeg","medium":"https:\/\/test.demok.org\/wp-content\/uploads\/2020\/03\/56-300x200.jpeg","medium_large":"https:\/\/test.demok.org\/wp-content\/uploads\/2020\/03\/56.jpeg","large":"https:\/\/test.demok.org\/wp-content\/uploads\/2020\/03\/56.jpeg","1536x1536":"https:\/\/test.demok.org\/wp-content\/uploads\/2020\/03\/56.jpeg","2048x2048":"https:\/\/test.demok.org\/wp-content\/uploads\/2020\/03\/56.jpeg","colormag-highlighted-post":"https:\/\/test.demok.org\/wp-content\/uploads\/2020\/03\/56-392x272.jpeg","colormag-featured-post-medium":"https:\/\/test.demok.org\/wp-content\/uploads\/2020\/03\/56-390x205.jpeg","colormag-featured-post-small":"https:\/\/test.demok.org\/wp-content\/uploads\/2020\/03\/56-130x90.jpeg","colormag-featured-image":"https:\/\/test.demok.org\/wp-content\/uploads\/2020\/03\/56.jpeg","colormag-default-news":"https:\/\/test.demok.org\/wp-content\/uploads\/2020\/03\/56-150x150.jpeg","colormag-featured-image-large":"https:\/\/test.demok.org\/wp-content\/uploads\/2020\/03\/56.jpeg"},"magazineBlocksPostAuthor":{"name":"emrekurt","avatar":"https:\/\/secure.gravatar.com\/avatar\/b5d76b0c442a766da6f628967390b1610913af44d5d0de09c7789d44b6213d59?s=96&d=mm&r=g"},"magazineBlocksPostCommentsNumber":"0","magazineBlocksPostExcerpt":"24 May\u0131s 2017 tarihinde Ak\u00e7ay E\u011fitim ve Dinlenme Tesislerinde ger\u00e7ekle\u015fen t\u00f6ren Genel Ba\u015fkan Alpaslan Taylan\u2019 \u0131n konu\u015fmas\u0131 ile ba\u015flad\u0131. Kat\u0131l\u0131mc\u0131lar\u0131","magazineBlocksPostCategories":["Galeri","Genel Merkez","G\u00fcncel","Resimler"],"magazineBlocksPostViewCount":21,"magazineBlocksPostReadTime":3,"magazine_blocks_featured_image_url":{"full":["https:\/\/test.demok.org\/wp-content\/uploads\/2020\/03\/56.jpeg",600,399,false],"medium":["https:\/\/test.demok.org\/wp-content\/uploads\/2020\/03\/56-300x200.jpeg",300,200,true],"thumbnail":["https:\/\/test.demok.org\/wp-content\/uploads\/2020\/03\/56-150x150.jpeg",150,150,true]},"magazine_blocks_author":{"display_name":"emrekurt","author_link":"https:\/\/test.demok.org\/index.php\/author\/emrekurt\/"},"magazine_blocks_comment":0,"magazine_blocks_author_image":"https:\/\/secure.gravatar.com\/avatar\/b5d76b0c442a766da6f628967390b1610913af44d5d0de09c7789d44b6213d59?s=96&d=mm&r=g","magazine_blocks_category":"<a href=\"https:\/\/test.demok.org\/index.php\/category\/galeri\/\" rel=\"category tag\">Galeri<\/a> <a href=\"https:\/\/test.demok.org\/index.php\/category\/genelmerkez\/\" rel=\"category tag\">Genel Merkez<\/a> <a href=\"https:\/\/test.demok.org\/index.php\/category\/guncel\/\" rel=\"category tag\">G\u00fcncel<\/a> <a href=\"https:\/\/test.demok.org\/index.php\/category\/resim\/\" rel=\"category tag\">Resimler<\/a>","_links":{"self":[{"href":"https:\/\/test.demok.org\/index.php\/wp-json\/wp\/v2\/posts\/5671","targetHints":{"allow":["GET"]}}],"collection":[{"href":"https:\/\/test.demok.org\/index.php\/wp-json\/wp\/v2\/posts"}],"about":[{"href":"https:\/\/test.demok.org\/index.php\/wp-json\/wp\/v2\/types\/post"}],"author":[{"embeddable":true,"href":"https:\/\/test.demok.org\/index.php\/wp-json\/wp\/v2\/users\/2"}],"replies":[{"embeddable":true,"href":"https:\/\/test.demok.org\/index.php\/wp-json\/wp\/v2\/comments?post=5671"}],"version-history":[{"count":0,"href":"https:\/\/test.demok.org\/index.php\/wp-json\/wp\/v2\/posts\/5671\/revisions"}],"wp:featuredmedia":[{"embeddable":true,"href":"https:\/\/test.demok.org\/index.php\/wp-json\/wp\/v2\/media\/5672"}],"wp:attachment":[{"href":"https:\/\/test.demok.org\/index.php\/wp-json\/wp\/v2\/media?parent=5671"}],"wp:term":[{"taxonomy":"category","embeddable":true,"href":"https:\/\/test.demok.org\/index.php\/wp-json\/wp\/v2\/categories?post=5671"},{"taxonomy":"post_tag","embeddable":true,"href":"https:\/\/test.demok.org\/index.php\/wp-json\/wp\/v2\/tags?post=5671"}],"curies":[{"name":"wp","href":"https:\/\/api.w.org\/{rel}","templated":true}]}}