{"id":5674,"date":"2017-06-11T15:47:52","date_gmt":"2017-06-11T12:47:52","guid":{"rendered":"http:\/\/www.demok.org\/?p=5674"},"modified":"2017-06-11T15:47:52","modified_gmt":"2017-06-11T12:47:52","slug":"geleneksel-akcay-gecemizi-gerceklestirdik-2","status":"publish","type":"post","link":"https:\/\/test.demok.org\/index.php\/2017\/06\/11\/geleneksel-akcay-gecemizi-gerceklestirdik-2\/","title":{"rendered":"Geleneksel Ak\u00e7ay Gecemizi Ger\u00e7ekle\u015ftirdik"},"content":{"rendered":"<p>\u00c7o\u011fu mezunumuzun hasretle bekledi\u011fi Geleneksel Ak\u00e7ay Gecesi kutlama program\u0131; 25 May\u0131s 2017 Per\u015fembe g\u00fcn\u00fc ger\u00e7ekle\u015fti.<\/p>\n<p>Her y\u0131l oldu\u011fu gibi b\u00fcy\u00fck bir co\u015fku ile ba\u015flayan Gece Genel Ba\u015fkan Alpaslan Taylan\u2019 \u0131n konu\u015fmas\u0131 ile ba\u015flad\u0131.<\/p>\n<p>Konuklara ho\u015fgeldiniz diyerek ba\u015flayan Genel Ba\u015fkan Taylan,&nbsp; konu\u015fmas\u0131nda birlik ve beraberlik mesajlar\u0131 verdi.<\/p>\n<p>Konu\u015fmas\u0131n\u0131n ard\u0131ndan Kamp m\u00fcd\u00fcr\u00fc 1996 mezunumuz Oktay Alp\u2019e te\u015fekk\u00fcr i\u00e7in plaket takdim edildi.<\/p>\n<p>Kamp m\u00fcd\u00fcr\u00fc Oktay Alp te misafirlere hitap etti ve Kampa derne\u011fimiz taraf\u0131ndan g\u00f6sterilen ilgi ve alaka i\u00e7in derne\u011fimize plaket takdimi yap\u0131ld\u0131 plaketi genel ba\u015fkan Alpaslan Taylan ald\u0131<\/p>\n<p>Tatil s\u00fcresince d\u00fczenlenen tavla ve okey turnuvas\u0131 galiplerine hediyeleri takdim edildi.<\/p>\n<p>Okey turnuvas\u0131n\u0131 1959 mezunu ve okulumuz \u00f6\u011fretmenlerinden Naci \u015eakar hocam\u0131z ve orta\u011f\u0131 1977 mezunu Recep \u00dcnl\u00fcer birinci olarak kazand\u0131. Birincilerimize &nbsp;okey tak\u0131m\u0131 hediye edildi. \u0130kinci olarak turnuvay\u0131 bitiren 1979 Mezunu \u00d6mer Duran ve \u015eiho K\u0131rg\u0131l\u2019a ikincilikleri i\u00e7in mendil hediye edildi<\/p>\n<p>Tavla Turnuvas\u0131n\u0131 1977 mezunu Ekrem O\u011fuz kazand\u0131, Tavla hediye edildi. \u0130kinci bitiren 1979 mezunu Halil An\u0131k ada tavla hediye edildi.<\/p>\n<p>T\u00f6renlerin ard\u0131ndan e\u011flence ba\u015flad\u0131<\/p>\n<p>E\u011flence aras\u0131nda ise her sene geleneksel hale gelen \u00e7ekili\u015f t\u00f6renimiz yap\u0131ld\u0131 biletlerine hediye isabet edenler hediyelerini ald\u0131.<\/p>\n<p>En \u00e7ok bileti alan 1961 mezunu eski Haydarpa\u015fa gar m\u00fcd\u00fcr\u00fc Osman K\u00f6ksal Ak\u00e7ay a\u011fas\u0131 olarak \u00e7orba t\u00f6reninde a\u011fal\u0131k yaparak a\u00e7\u0131lmayan \u00e7orba tenceresinin kapa\u011f\u0131n\u0131 a\u00e7t\u0131.<\/p>\n<p>T\u00f6ren \u0130zmir Mar\u015f\u0131 ve Onuncu Y\u0131l Mar\u015f\u0131 ile son buldu.<\/p>\nngg_shortcode_0_placeholder\n","protected":false},"excerpt":{"rendered":"<p>\u00c7o\u011fu mezunumuzun hasretle bekledi\u011fi Geleneksel Ak\u00e7ay Gecesi kutlama program\u0131; 25 May\u0131s 2017 Per\u015fembe g\u00fcn\u00fc ger\u00e7ekle\u015fti. Her y\u0131l oldu\u011fu gibi b\u00fcy\u00fck<\/p>\n","protected":false},"author":2,"featured_media":5675,"comment_status":"open","ping_status":"open","sticky":false,"template":"","format":"standard","meta":{"ngg_post_thumbnail":0,"footnotes":""},"categories":[34,35,32,36],"tags":[],"class_list":["post-5674","post","type-post","status-publish","format-standard","has-post-thumbnail","hentry","category-galeri","category-genelmerkez","category-guncel","category-resim"],"magazineBlocksPostFeaturedMedia":{"thumbnail":"https:\/\/test.demok.org\/wp-content\/uploads\/2020\/03\/DSC_0315-150x150.jpeg","medium":"https:\/\/test.demok.org\/wp-content\/uploads\/2020\/03\/DSC_0315-300x200.jpeg","medium_large":"https:\/\/test.demok.org\/wp-content\/uploads\/2020\/03\/DSC_0315.jpeg","large":"https:\/\/test.demok.org\/wp-content\/uploads\/2020\/03\/DSC_0315.jpeg","1536x1536":"https:\/\/test.demok.org\/wp-content\/uploads\/2020\/03\/DSC_0315.jpeg","2048x2048":"https:\/\/test.demok.org\/wp-content\/uploads\/2020\/03\/DSC_0315.jpeg","colormag-highlighted-post":"https:\/\/test.demok.org\/wp-content\/uploads\/2020\/03\/DSC_0315-392x272.jpeg","colormag-featured-post-medium":"https:\/\/test.demok.org\/wp-content\/uploads\/2020\/03\/DSC_0315-390x205.jpeg","colormag-featured-post-small":"https:\/\/test.demok.org\/wp-content\/uploads\/2020\/03\/DSC_0315-130x90.jpeg","colormag-featured-image":"https:\/\/test.demok.org\/wp-content\/uploads\/2020\/03\/DSC_0315.jpeg","colormag-default-news":"https:\/\/test.demok.org\/wp-content\/uploads\/2020\/03\/DSC_0315-150x150.jpeg","colormag-featured-image-large":"https:\/\/test.demok.org\/wp-content\/uploads\/2020\/03\/DSC_0315.jpeg"},"magazineBlocksPostAuthor":{"name":"emrekurt","avatar":"https:\/\/secure.gravatar.com\/avatar\/b5d76b0c442a766da6f628967390b1610913af44d5d0de09c7789d44b6213d59?s=96&d=mm&r=g"},"magazineBlocksPostCommentsNumber":"0","magazineBlocksPostExcerpt":"\u00c7o\u011fu mezunumuzun hasretle bekledi\u011fi Geleneksel Ak\u00e7ay Gecesi kutlama program\u0131; 25 May\u0131s 2017 Per\u015fembe g\u00fcn\u00fc ger\u00e7ekle\u015fti. Her y\u0131l oldu\u011fu gibi b\u00fcy\u00fck","magazineBlocksPostCategories":["Galeri","Genel Merkez","G\u00fcncel","Resimler"],"magazineBlocksPostViewCount":23,"magazineBlocksPostReadTime":2,"magazine_blocks_featured_image_url":{"full":["https:\/\/test.demok.org\/wp-content\/uploads\/2020\/03\/DSC_0315.jpeg",600,400,false],"medium":["https:\/\/test.demok.org\/wp-content\/uploads\/2020\/03\/DSC_0315-300x200.jpeg",300,200,true],"thumbnail":["https:\/\/test.demok.org\/wp-content\/uploads\/2020\/03\/DSC_0315-150x150.jpeg",150,150,true]},"magazine_blocks_author":{"display_name":"emrekurt","author_link":"https:\/\/test.demok.org\/index.php\/author\/emrekurt\/"},"magazine_blocks_comment":0,"magazine_blocks_author_image":"https:\/\/secure.gravatar.com\/avatar\/b5d76b0c442a766da6f628967390b1610913af44d5d0de09c7789d44b6213d59?s=96&d=mm&r=g","magazine_blocks_category":"<a href=\"https:\/\/test.demok.org\/index.php\/category\/galeri\/\" rel=\"category tag\">Galeri<\/a> <a href=\"https:\/\/test.demok.org\/index.php\/category\/genelmerkez\/\" rel=\"category tag\">Genel Merkez<\/a> <a href=\"https:\/\/test.demok.org\/index.php\/category\/guncel\/\" rel=\"category tag\">G\u00fcncel<\/a> <a href=\"https:\/\/test.demok.org\/index.php\/category\/resim\/\" rel=\"category tag\">Resimler<\/a>","_links":{"self":[{"href":"https:\/\/test.demok.org\/index.php\/wp-json\/wp\/v2\/posts\/5674","targetHints":{"allow":["GET"]}}],"collection":[{"href":"https:\/\/test.demok.org\/index.php\/wp-json\/wp\/v2\/posts"}],"about":[{"href":"https:\/\/test.demok.org\/index.php\/wp-json\/wp\/v2\/types\/post"}],"author":[{"embeddable":true,"href":"https:\/\/test.demok.org\/index.php\/wp-json\/wp\/v2\/users\/2"}],"replies":[{"embeddable":true,"href":"https:\/\/test.demok.org\/index.php\/wp-json\/wp\/v2\/comments?post=5674"}],"version-history":[{"count":0,"href":"https:\/\/test.demok.org\/index.php\/wp-json\/wp\/v2\/posts\/5674\/revisions"}],"wp:featuredmedia":[{"embeddable":true,"href":"https:\/\/test.demok.org\/index.php\/wp-json\/wp\/v2\/media\/5675"}],"wp:attachment":[{"href":"https:\/\/test.demok.org\/index.php\/wp-json\/wp\/v2\/media?parent=5674"}],"wp:term":[{"taxonomy":"category","embeddable":true,"href":"https:\/\/test.demok.org\/index.php\/wp-json\/wp\/v2\/categories?post=5674"},{"taxonomy":"post_tag","embeddable":true,"href":"https:\/\/test.demok.org\/index.php\/wp-json\/wp\/v2\/tags?post=5674"}],"curies":[{"name":"wp","href":"https:\/\/api.w.org\/{rel}","templated":true}]}}