{"id":5677,"date":"2017-12-11T15:49:08","date_gmt":"2017-12-11T12:49:08","guid":{"rendered":"http:\/\/www.demok.org\/?p=5677"},"modified":"2017-12-11T15:49:08","modified_gmt":"2017-12-11T12:49:08","slug":"olagan-genel-kurulumuzu-gerceklestirdik-2","status":"publish","type":"post","link":"https:\/\/test.demok.org\/index.php\/2017\/12\/11\/olagan-genel-kurulumuzu-gerceklestirdik-2\/","title":{"rendered":"Ola\u011fan Genel Kurulumuzu Ger\u00e7ekle\u015ftirdik"},"content":{"rendered":"<p>Demiryol Meslek Okulu Mezunlar\u0131 Derne\u011fi\u2019 nin Genel Kurulu 2 Aral\u0131k 2017 Tarihinde The Ankara Otel Konferans salonunda ger\u00e7ekle\u015fti.<\/p>\n<p>Genel Merkez, \u015eubeler, koordinat\u00f6r ve Temsilciler ile \u00fcyelerin kat\u0131l\u0131m\u0131yla 200 civar\u0131nda kat\u0131l\u0131m olan Genel Kurul toplant\u0131s\u0131 olduk\u00e7a co\u015fkulu bir havada ge\u00e7ti.<\/p>\n<p>Divan Ba\u015fkanl\u0131\u011f\u0131na se\u00e7ilen \u0130brahim Sald\u0131r\u2019 \u0131n davetiyle Gazi Mustafa Kemal Atat\u00fcrk ve t\u00fcm \u015fehitlerimiz i\u00e7in sayg\u0131 duru\u015funda bulunulmas\u0131 ve hemen ard\u0131ndan \u0130stiklal Mar\u015f\u2019 \u0131m\u0131z\u0131n okunmas\u0131ndan sonra Genel Kurul\u2019 un belirlenen ak\u0131\u015f\u0131 s\u00fcrd\u00fc.<\/p>\n<p>Denetim kurulu raporlar\u0131, t\u00fcz\u00fck de\u011fi\u015fiklikleri ve tahmini b\u00fct\u00e7enin Genel Kurul\u2019 a sunulmas\u0131n\u0131n ard\u0131ndan oylamalar yap\u0131larak Genel kurul \u00fcyeleri taraf\u0131ndan kabul edildi.<\/p>\n<p>Genel Ba\u015fkan Alpaslan Taylan bug\u00fcne kadar yap\u0131lan faaliyet ve \u00e7al\u0131\u015fmalar hakk\u0131nda Genel Kurul\u2019 u bilgilendirdi. Alpaslan Taylan konu\u015fmas\u0131nda birlik ve beraberlik duygular\u0131na vurgu yaparak Demiryolu Meslek Lisesi\u2019 nin ba\u015fka bir isim ve i\u015flevle yeniden a\u00e7\u0131lmas\u0131yla i\u00e7in haz\u0131rl\u0131klar\u0131n ilgili kurumlarca y\u00fcr\u00fct\u00fcld\u00fc\u011f\u00fcn\u00fcn m\u00fcjdesini verdi.<\/p>\n<p>Ard\u0131ndan protokol konu\u015fmalar\u0131 kapsam\u0131nda okulumuzun eski \u00f6\u011fretmenlerinden Naci \u015eakar k\u00fcrs\u00fcye geldi. Demiryolu sevdal\u0131s\u0131 olan hocam\u0131z Behi\u00e7 Erkin, Meslek Lisesi ve DEMOK i\u00e7in yapt\u0131\u011f\u0131 \u00e7al\u0131\u015fmalardan bahsetti ve yeni se\u00e7ilecek Genel Ba\u015fkan ve Y\u00f6netim Kurulu\u2019 na her t\u00fcrl\u00fc deste\u011fi verece\u011fini belirterek ba\u015far\u0131lar diledi. Onur Kurulu Ba\u015fkan\u0131m\u0131z \u015eevket Mungan\u2019 da Genel Kurul\u2019 a hitap ederek yap\u0131lan \u00e7al\u0131\u015fmalar ile duygular\u0131n\u0131 anlatt\u0131. Ahmet H\u0131zl\u0131 abimiz her zaman oldu\u011fu gibi duygusal bir konu\u015fma yapt\u0131. Daha sonra konu\u015fan DEMARD Genel Ba\u015fkan\u0131 Nami Aras, Demiryolu Emeklileri Derne\u011fi Genel Ba\u015fkan\u0131 Naci Ba\u015fat g\u00f6revi devredecek olan Genel Ba\u015fkan Alpaslan Taylan\u2019 a te\u015fekk\u00fcr ederek yeni y\u00f6netime ba\u015far\u0131lar diledi.<\/p>\n<p>Se\u00e7imlerin ard\u0131ndan bir te\u015fekk\u00fcr konu\u015fmas\u0131 yapan Genel Ba\u015fkan Tufan \u00d6zdemir, eski Genel Ba\u015fkan Alpaslan Taylan ile \u00e7ok g\u00fczel hizmetler yapt\u0131klar\u0131n\u0131, ayn\u0131 hizmetleri fazlas\u0131yla yerine getirmeye gayret edece\u011fini, \u015eubeler, temsilciler ve koordinat\u00f6rlerle uyum i\u00e7erisinde \u00e7al\u0131\u015farak derne\u011fi daha ileriye ta\u015f\u0131yacaklar\u0131n\u0131 s\u00f6yledi. Kendisine g\u00fcvenen ve destek veren t\u00fcm Genel Kurul \u00fcyelerine te\u015fekk\u00fcr etti. &nbsp;<\/p>\n<p>Genel Ba\u015fkan Tufan \u00d6zdemir\u2019 in konu\u015fmas\u0131n\u0131n ard\u0131ndan Divan Heyeti Genel Kurul toplant\u0131s\u0131n\u0131 bitirdi.<\/p>\nngg_shortcode_0_placeholder\n","protected":false},"excerpt":{"rendered":"<p>Demiryol Meslek Okulu Mezunlar\u0131 Derne\u011fi\u2019 nin Genel Kurulu 2 Aral\u0131k 2017 Tarihinde The Ankara Otel Konferans salonunda ger\u00e7ekle\u015fti. Genel Merkez,<\/p>\n","protected":false},"author":2,"featured_media":5679,"comment_status":"open","ping_status":"open","sticky":false,"template":"","format":"standard","meta":{"ngg_post_thumbnail":0,"footnotes":""},"categories":[34,35,32,36],"tags":[],"class_list":["post-5677","post","type-post","status-publish","format-standard","has-post-thumbnail","hentry","category-galeri","category-genelmerkez","category-guncel","category-resim"],"magazineBlocksPostFeaturedMedia":{"thumbnail":"https:\/\/test.demok.org\/wp-content\/uploads\/2017\/12\/1_12020001-150x150.jpeg","medium":"https:\/\/test.demok.org\/wp-content\/uploads\/2017\/12\/1_12020001-300x200.jpeg","medium_large":"https:\/\/test.demok.org\/wp-content\/uploads\/2017\/12\/1_12020001.jpeg","large":"https:\/\/test.demok.org\/wp-content\/uploads\/2017\/12\/1_12020001.jpeg","1536x1536":"https:\/\/test.demok.org\/wp-content\/uploads\/2017\/12\/1_12020001.jpeg","2048x2048":"https:\/\/test.demok.org\/wp-content\/uploads\/2017\/12\/1_12020001.jpeg","colormag-highlighted-post":"https:\/\/test.demok.org\/wp-content\/uploads\/2017\/12\/1_12020001-392x272.jpeg","colormag-featured-post-medium":"https:\/\/test.demok.org\/wp-content\/uploads\/2017\/12\/1_12020001-390x205.jpeg","colormag-featured-post-small":"https:\/\/test.demok.org\/wp-content\/uploads\/2017\/12\/1_12020001-130x90.jpeg","colormag-featured-image":"https:\/\/test.demok.org\/wp-content\/uploads\/2017\/12\/1_12020001.jpeg","colormag-default-news":"https:\/\/test.demok.org\/wp-content\/uploads\/2017\/12\/1_12020001-150x150.jpeg","colormag-featured-image-large":"https:\/\/test.demok.org\/wp-content\/uploads\/2017\/12\/1_12020001.jpeg"},"magazineBlocksPostAuthor":{"name":"emrekurt","avatar":"https:\/\/secure.gravatar.com\/avatar\/b5d76b0c442a766da6f628967390b1610913af44d5d0de09c7789d44b6213d59?s=96&d=mm&r=g"},"magazineBlocksPostCommentsNumber":"0","magazineBlocksPostExcerpt":"Demiryol Meslek Okulu Mezunlar\u0131 Derne\u011fi\u2019 nin Genel Kurulu 2 Aral\u0131k 2017 Tarihinde The Ankara Otel Konferans salonunda ger\u00e7ekle\u015fti. Genel Merkez,","magazineBlocksPostCategories":["Galeri","Genel Merkez","G\u00fcncel","Resimler"],"magazineBlocksPostViewCount":26,"magazineBlocksPostReadTime":3,"magazine_blocks_featured_image_url":{"full":["https:\/\/test.demok.org\/wp-content\/uploads\/2017\/12\/1_12020001.jpeg",668,445,false],"medium":["https:\/\/test.demok.org\/wp-content\/uploads\/2017\/12\/1_12020001-300x200.jpeg",300,200,true],"thumbnail":["https:\/\/test.demok.org\/wp-content\/uploads\/2017\/12\/1_12020001-150x150.jpeg",150,150,true]},"magazine_blocks_author":{"display_name":"emrekurt","author_link":"https:\/\/test.demok.org\/index.php\/author\/emrekurt\/"},"magazine_blocks_comment":0,"magazine_blocks_author_image":"https:\/\/secure.gravatar.com\/avatar\/b5d76b0c442a766da6f628967390b1610913af44d5d0de09c7789d44b6213d59?s=96&d=mm&r=g","magazine_blocks_category":"<a href=\"https:\/\/test.demok.org\/index.php\/category\/galeri\/\" rel=\"category tag\">Galeri<\/a> <a href=\"https:\/\/test.demok.org\/index.php\/category\/genelmerkez\/\" rel=\"category tag\">Genel Merkez<\/a> <a href=\"https:\/\/test.demok.org\/index.php\/category\/guncel\/\" rel=\"category tag\">G\u00fcncel<\/a> <a href=\"https:\/\/test.demok.org\/index.php\/category\/resim\/\" rel=\"category tag\">Resimler<\/a>","_links":{"self":[{"href":"https:\/\/test.demok.org\/index.php\/wp-json\/wp\/v2\/posts\/5677","targetHints":{"allow":["GET"]}}],"collection":[{"href":"https:\/\/test.demok.org\/index.php\/wp-json\/wp\/v2\/posts"}],"about":[{"href":"https:\/\/test.demok.org\/index.php\/wp-json\/wp\/v2\/types\/post"}],"author":[{"embeddable":true,"href":"https:\/\/test.demok.org\/index.php\/wp-json\/wp\/v2\/users\/2"}],"replies":[{"embeddable":true,"href":"https:\/\/test.demok.org\/index.php\/wp-json\/wp\/v2\/comments?post=5677"}],"version-history":[{"count":0,"href":"https:\/\/test.demok.org\/index.php\/wp-json\/wp\/v2\/posts\/5677\/revisions"}],"wp:featuredmedia":[{"embeddable":true,"href":"https:\/\/test.demok.org\/index.php\/wp-json\/wp\/v2\/media\/5679"}],"wp:attachment":[{"href":"https:\/\/test.demok.org\/index.php\/wp-json\/wp\/v2\/media?parent=5677"}],"wp:term":[{"taxonomy":"category","embeddable":true,"href":"https:\/\/test.demok.org\/index.php\/wp-json\/wp\/v2\/categories?post=5677"},{"taxonomy":"post_tag","embeddable":true,"href":"https:\/\/test.demok.org\/index.php\/wp-json\/wp\/v2\/tags?post=5677"}],"curies":[{"name":"wp","href":"https:\/\/api.w.org\/{rel}","templated":true}]}}