{"id":5700,"date":"2019-02-20T16:00:59","date_gmt":"2019-02-20T13:00:59","guid":{"rendered":"http:\/\/www.demok.org\/?p=5700"},"modified":"2025-02-26T14:38:06","modified_gmt":"2025-02-26T11:38:06","slug":"mezunlarimiza-yeni-gorevlerinde-basarilarinin-devamini-dileriz-5","status":"publish","type":"post","link":"https:\/\/test.demok.org\/index.php\/2019\/02\/20\/mezunlarimiza-yeni-gorevlerinde-basarilarinin-devamini-dileriz-5\/","title":{"rendered":"Mezunlar\u0131m\u0131za yeni g\u00f6revlerinde ba\u015far\u0131lar\u0131n\u0131n devam\u0131n\u0131 dileriz."},"content":{"rendered":"<p>1994 mezunumuz Alpaslan Taylan, TCDD Genel M\u00fcd\u00fcrl\u00fc\u011f\u00fcne vekaleten atanan; Say\u0131n Ali \u0130hsan Uygun\u2019 un \u00f6zel kalem m\u00fcd\u00fcr\u00fc olarak atanm\u0131\u015ft\u0131r. Mezunumuza yeni g\u00f6revlerinde ba\u015far\u0131lar\u0131n\u0131n devam\u0131n\u0131 dileriz.<\/p>\n<p><img loading=\"lazy\" decoding=\"async\" class=\"alignnone wp-image-5701\" src=\"https:\/\/www.demok.org\/wp-content\/uploads\/2020\/03\/52457852_2537889932893714_161328287421825024_o-300x146.jpg\" alt=\"\" width=\"800\" height=\"389\"><\/p>\n","protected":false},"excerpt":{"rendered":"<p>1994 mezunumuz Alpaslan Taylan, TCDD Genel M\u00fcd\u00fcrl\u00fc\u011f\u00fcne vekaleten atanan; Say\u0131n Ali \u0130hsan Uygun\u2019 un \u00f6zel kalem m\u00fcd\u00fcr\u00fc olarak atanm\u0131\u015ft\u0131r. Mezunumuza<\/p>\n","protected":false},"author":2,"featured_media":8040,"comment_status":"open","ping_status":"open","sticky":false,"template":"","format":"standard","meta":{"ngg_post_thumbnail":0,"footnotes":""},"categories":[35,32,38],"tags":[],"class_list":["post-5700","post","type-post","status-publish","format-standard","has-post-thumbnail","hentry","category-genelmerkez","category-guncel","category-sube"],"magazineBlocksPostFeaturedMedia":{"thumbnail":"https:\/\/test.demok.org\/wp-content\/uploads\/2019\/02\/mezun5-150x150.jpg","medium":"https:\/\/test.demok.org\/wp-content\/uploads\/2019\/02\/mezun5-300x146.jpg","medium_large":"https:\/\/test.demok.org\/wp-content\/uploads\/2019\/02\/mezun5-768x374.jpg","large":"https:\/\/test.demok.org\/wp-content\/uploads\/2019\/02\/mezun5.jpg","1536x1536":"https:\/\/test.demok.org\/wp-content\/uploads\/2019\/02\/mezun5.jpg","2048x2048":"https:\/\/test.demok.org\/wp-content\/uploads\/2019\/02\/mezun5.jpg","colormag-highlighted-post":"https:\/\/test.demok.org\/wp-content\/uploads\/2019\/02\/mezun5-392x272.jpg","colormag-featured-post-medium":"https:\/\/test.demok.org\/wp-content\/uploads\/2019\/02\/mezun5-390x205.jpg","colormag-featured-post-small":"https:\/\/test.demok.org\/wp-content\/uploads\/2019\/02\/mezun5-130x90.jpg","colormag-featured-image":"https:\/\/test.demok.org\/wp-content\/uploads\/2019\/02\/mezun5-800x445.jpg","colormag-default-news":"https:\/\/test.demok.org\/wp-content\/uploads\/2019\/02\/mezun5-150x150.jpg","colormag-featured-image-large":"https:\/\/test.demok.org\/wp-content\/uploads\/2019\/02\/mezun5.jpg"},"magazineBlocksPostAuthor":{"name":"emrekurt","avatar":"https:\/\/secure.gravatar.com\/avatar\/b5d76b0c442a766da6f628967390b1610913af44d5d0de09c7789d44b6213d59?s=96&d=mm&r=g"},"magazineBlocksPostCommentsNumber":"0","magazineBlocksPostExcerpt":"1994 mezunumuz Alpaslan Taylan, TCDD Genel M\u00fcd\u00fcrl\u00fc\u011f\u00fcne vekaleten atanan; Say\u0131n Ali \u0130hsan Uygun\u2019 un \u00f6zel kalem m\u00fcd\u00fcr\u00fc olarak atanm\u0131\u015ft\u0131r. Mezunumuza","magazineBlocksPostCategories":["Genel Merkez","G\u00fcncel","\u015eubelerden"],"magazineBlocksPostViewCount":25,"magazineBlocksPostReadTime":1,"magazine_blocks_featured_image_url":{"full":["https:\/\/test.demok.org\/wp-content\/uploads\/2019\/02\/mezun5.jpg",1024,498,false],"medium":["https:\/\/test.demok.org\/wp-content\/uploads\/2019\/02\/mezun5-300x146.jpg",300,146,true],"thumbnail":["https:\/\/test.demok.org\/wp-content\/uploads\/2019\/02\/mezun5-150x150.jpg",150,150,true]},"magazine_blocks_author":{"display_name":"emrekurt","author_link":"https:\/\/test.demok.org\/index.php\/author\/emrekurt\/"},"magazine_blocks_comment":0,"magazine_blocks_author_image":"https:\/\/secure.gravatar.com\/avatar\/b5d76b0c442a766da6f628967390b1610913af44d5d0de09c7789d44b6213d59?s=96&d=mm&r=g","magazine_blocks_category":"<a href=\"https:\/\/test.demok.org\/index.php\/category\/genelmerkez\/\" rel=\"category tag\">Genel Merkez<\/a> <a href=\"https:\/\/test.demok.org\/index.php\/category\/guncel\/\" rel=\"category tag\">G\u00fcncel<\/a> <a href=\"https:\/\/test.demok.org\/index.php\/category\/sube\/\" rel=\"category tag\">\u015eubelerden<\/a>","_links":{"self":[{"href":"https:\/\/test.demok.org\/index.php\/wp-json\/wp\/v2\/posts\/5700","targetHints":{"allow":["GET"]}}],"collection":[{"href":"https:\/\/test.demok.org\/index.php\/wp-json\/wp\/v2\/posts"}],"about":[{"href":"https:\/\/test.demok.org\/index.php\/wp-json\/wp\/v2\/types\/post"}],"author":[{"embeddable":true,"href":"https:\/\/test.demok.org\/index.php\/wp-json\/wp\/v2\/users\/2"}],"replies":[{"embeddable":true,"href":"https:\/\/test.demok.org\/index.php\/wp-json\/wp\/v2\/comments?post=5700"}],"version-history":[{"count":1,"href":"https:\/\/test.demok.org\/index.php\/wp-json\/wp\/v2\/posts\/5700\/revisions"}],"predecessor-version":[{"id":8041,"href":"https:\/\/test.demok.org\/index.php\/wp-json\/wp\/v2\/posts\/5700\/revisions\/8041"}],"wp:featuredmedia":[{"embeddable":true,"href":"https:\/\/test.demok.org\/index.php\/wp-json\/wp\/v2\/media\/8040"}],"wp:attachment":[{"href":"https:\/\/test.demok.org\/index.php\/wp-json\/wp\/v2\/media?parent=5700"}],"wp:term":[{"taxonomy":"category","embeddable":true,"href":"https:\/\/test.demok.org\/index.php\/wp-json\/wp\/v2\/categories?post=5700"},{"taxonomy":"post_tag","embeddable":true,"href":"https:\/\/test.demok.org\/index.php\/wp-json\/wp\/v2\/tags?post=5700"}],"curies":[{"name":"wp","href":"https:\/\/api.w.org\/{rel}","templated":true}]}}