{"id":5705,"date":"2019-02-22T16:02:44","date_gmt":"2019-02-22T13:02:44","guid":{"rendered":"http:\/\/www.demok.org\/?p=5705"},"modified":"2025-02-26T14:37:02","modified_gmt":"2025-02-26T11:37:02","slug":"mezunlarimiza-yeni-gorevlerinde-basarilarinin-devamini-dileriz-6","status":"publish","type":"post","link":"https:\/\/test.demok.org\/index.php\/2019\/02\/22\/mezunlarimiza-yeni-gorevlerinde-basarilarinin-devamini-dileriz-6\/","title":{"rendered":"Mezunlar\u0131m\u0131za yeni g\u00f6revlerinde ba\u015far\u0131lar\u0131n\u0131n devam\u0131n\u0131 dileriz."},"content":{"rendered":"<p>1981 mezunumuz Ahmet DUMAN TCDD TA\u015eIMACILIK A\u015e. \u00d6zel Kalem M\u00fcd\u00fcrl\u00fc\u011f\u00fcne atanm\u0131\u015ft\u0131r. Mezunlar\u0131m\u0131za yeni g\u00f6revlerinde ba\u015far\u0131lar\u0131n\u0131n devam\u0131n\u0131 dileriz.<\/p>\n","protected":false},"excerpt":{"rendered":"<p>1981 mezunumuz Ahmet DUMAN TCDD TA\u015eIMACILIK A\u015e. \u00d6zel Kalem M\u00fcd\u00fcrl\u00fc\u011f\u00fcne atanm\u0131\u015ft\u0131r. Mezunlar\u0131m\u0131za yeni g\u00f6revlerinde ba\u015far\u0131lar\u0131n\u0131n devam\u0131n\u0131 dileriz.<\/p>\n","protected":false},"author":2,"featured_media":8038,"comment_status":"open","ping_status":"open","sticky":false,"template":"","format":"standard","meta":{"ngg_post_thumbnail":0,"footnotes":""},"categories":[35,32,38],"tags":[],"class_list":["post-5705","post","type-post","status-publish","format-standard","has-post-thumbnail","hentry","category-genelmerkez","category-guncel","category-sube"],"magazineBlocksPostFeaturedMedia":{"thumbnail":"https:\/\/test.demok.org\/wp-content\/uploads\/2019\/02\/mezun6-150x150.jpg","medium":"https:\/\/test.demok.org\/wp-content\/uploads\/2019\/02\/mezun6-300x146.jpg","medium_large":"https:\/\/test.demok.org\/wp-content\/uploads\/2019\/02\/mezun6-768x373.jpg","large":"https:\/\/test.demok.org\/wp-content\/uploads\/2019\/02\/mezun6-1024x498.jpg","1536x1536":"https:\/\/test.demok.org\/wp-content\/uploads\/2019\/02\/mezun6.jpg","2048x2048":"https:\/\/test.demok.org\/wp-content\/uploads\/2019\/02\/mezun6.jpg","colormag-highlighted-post":"https:\/\/test.demok.org\/wp-content\/uploads\/2019\/02\/mezun6-392x272.jpg","colormag-featured-post-medium":"https:\/\/test.demok.org\/wp-content\/uploads\/2019\/02\/mezun6-390x205.jpg","colormag-featured-post-small":"https:\/\/test.demok.org\/wp-content\/uploads\/2019\/02\/mezun6-130x90.jpg","colormag-featured-image":"https:\/\/test.demok.org\/wp-content\/uploads\/2019\/02\/mezun6-800x445.jpg","colormag-default-news":"https:\/\/test.demok.org\/wp-content\/uploads\/2019\/02\/mezun6-150x150.jpg","colormag-featured-image-large":"https:\/\/test.demok.org\/wp-content\/uploads\/2019\/02\/mezun6-1316x600.jpg"},"magazineBlocksPostAuthor":{"name":"emrekurt","avatar":"https:\/\/secure.gravatar.com\/avatar\/b5d76b0c442a766da6f628967390b1610913af44d5d0de09c7789d44b6213d59?s=96&d=mm&r=g"},"magazineBlocksPostCommentsNumber":"0","magazineBlocksPostExcerpt":"1981 mezunumuz Ahmet DUMAN TCDD TA\u015eIMACILIK A\u015e. \u00d6zel Kalem M\u00fcd\u00fcrl\u00fc\u011f\u00fcne atanm\u0131\u015ft\u0131r. Mezunlar\u0131m\u0131za yeni g\u00f6revlerinde ba\u015far\u0131lar\u0131n\u0131n devam\u0131n\u0131 dileriz.","magazineBlocksPostCategories":["Genel Merkez","G\u00fcncel","\u015eubelerden"],"magazineBlocksPostViewCount":26,"magazineBlocksPostReadTime":1,"magazine_blocks_featured_image_url":{"full":["https:\/\/test.demok.org\/wp-content\/uploads\/2019\/02\/mezun6.jpg",1316,640,false],"medium":["https:\/\/test.demok.org\/wp-content\/uploads\/2019\/02\/mezun6-300x146.jpg",300,146,true],"thumbnail":["https:\/\/test.demok.org\/wp-content\/uploads\/2019\/02\/mezun6-150x150.jpg",150,150,true]},"magazine_blocks_author":{"display_name":"emrekurt","author_link":"https:\/\/test.demok.org\/index.php\/author\/emrekurt\/"},"magazine_blocks_comment":0,"magazine_blocks_author_image":"https:\/\/secure.gravatar.com\/avatar\/b5d76b0c442a766da6f628967390b1610913af44d5d0de09c7789d44b6213d59?s=96&d=mm&r=g","magazine_blocks_category":"<a href=\"https:\/\/test.demok.org\/index.php\/category\/genelmerkez\/\" rel=\"category tag\">Genel Merkez<\/a> <a href=\"https:\/\/test.demok.org\/index.php\/category\/guncel\/\" rel=\"category tag\">G\u00fcncel<\/a> <a href=\"https:\/\/test.demok.org\/index.php\/category\/sube\/\" rel=\"category tag\">\u015eubelerden<\/a>","_links":{"self":[{"href":"https:\/\/test.demok.org\/index.php\/wp-json\/wp\/v2\/posts\/5705","targetHints":{"allow":["GET"]}}],"collection":[{"href":"https:\/\/test.demok.org\/index.php\/wp-json\/wp\/v2\/posts"}],"about":[{"href":"https:\/\/test.demok.org\/index.php\/wp-json\/wp\/v2\/types\/post"}],"author":[{"embeddable":true,"href":"https:\/\/test.demok.org\/index.php\/wp-json\/wp\/v2\/users\/2"}],"replies":[{"embeddable":true,"href":"https:\/\/test.demok.org\/index.php\/wp-json\/wp\/v2\/comments?post=5705"}],"version-history":[{"count":1,"href":"https:\/\/test.demok.org\/index.php\/wp-json\/wp\/v2\/posts\/5705\/revisions"}],"predecessor-version":[{"id":8039,"href":"https:\/\/test.demok.org\/index.php\/wp-json\/wp\/v2\/posts\/5705\/revisions\/8039"}],"wp:featuredmedia":[{"embeddable":true,"href":"https:\/\/test.demok.org\/index.php\/wp-json\/wp\/v2\/media\/8038"}],"wp:attachment":[{"href":"https:\/\/test.demok.org\/index.php\/wp-json\/wp\/v2\/media?parent=5705"}],"wp:term":[{"taxonomy":"category","embeddable":true,"href":"https:\/\/test.demok.org\/index.php\/wp-json\/wp\/v2\/categories?post=5705"},{"taxonomy":"post_tag","embeddable":true,"href":"https:\/\/test.demok.org\/index.php\/wp-json\/wp\/v2\/tags?post=5705"}],"curies":[{"name":"wp","href":"https:\/\/api.w.org\/{rel}","templated":true}]}}