{"id":5944,"date":"2013-08-13T09:33:07","date_gmt":"2013-08-13T06:33:07","guid":{"rendered":"http:\/\/www.demok.org\/?p=5944"},"modified":"2025-02-26T14:48:51","modified_gmt":"2025-02-26T11:48:51","slug":"diyarbakir-iftar-organizasyonu","status":"publish","type":"post","link":"https:\/\/test.demok.org\/index.php\/2013\/08\/13\/diyarbakir-iftar-organizasyonu\/","title":{"rendered":"D\u0130YARBAKIR \u0130FTAR ORGAN\u0130ZASYONU"},"content":{"rendered":"<p>Diyarbak\u0131r geleneksel iftar yeme\u011fimiz, 31.07.2013&nbsp; tarihinde 19. Y\u00fczy\u0131l eseri Erdebil K\u00f6\u015fk\u00fc&#8217;nde ger\u00e7ekle\u015ftirildi. Diyarbak\u0131r temsilcimiz Ramazan Yurtseven&#8217;in organizasyonu ile d\u00fczenlenen yeme\u011fe \u015eube Ba\u015fkan\u0131 Erol Sakar&nbsp;&#8216;da i\u015ftirak etmi\u015ftir. \u00dcyelerimizin e\u015f ve \u00e7ocuklar\u0131 ile&nbsp;kat\u0131ld\u0131\u011f\u0131&nbsp; yemek&nbsp;&nbsp;, bir aile yeme\u011fi samimiyeti ve rahatl\u0131\u011f\u0131nda &nbsp;ge\u00e7mi\u015ftir. Organizasyonu yapan Sn. Ramazan Yurtseven&#8217;e&nbsp; ve&nbsp; t\u00fcm kat\u0131l\u0131mc\u0131lara te\u015fekk\u00fcr ediyor ve bir dahaki seneye&nbsp;yeniden bulu\u015fmay\u0131 temenni ediyoruz.&nbsp;<\/p>\n<p>&nbsp;<\/p>\n<p>DEMOK Malatya \u015eube Ba\u015fkanl\u0131\u011f\u0131<\/p>\nngg_shortcode_0_placeholder\n","protected":false},"excerpt":{"rendered":"<p>Diyarbak\u0131r geleneksel iftar yeme\u011fimiz, 31.07.2013&nbsp; tarihinde 19. Y\u00fczy\u0131l eseri Erdebil K\u00f6\u015fk\u00fc&#8217;nde ger\u00e7ekle\u015ftirildi. Diyarbak\u0131r temsilcimiz Ramazan Yurtseven&#8217;in organizasyonu ile d\u00fczenlenen yeme\u011fe<\/p>\n","protected":false},"author":2,"featured_media":8061,"comment_status":"open","ping_status":"open","sticky":false,"template":"","format":"standard","meta":{"ngg_post_thumbnail":0,"footnotes":""},"categories":[33,38],"tags":[],"class_list":["post-5944","post","type-post","status-publish","format-standard","has-post-thumbnail","hentry","category-malatya","category-sube"],"magazineBlocksPostFeaturedMedia":{"thumbnail":"https:\/\/test.demok.org\/wp-content\/uploads\/2013\/08\/3_1-150x150.jpeg","medium":"https:\/\/test.demok.org\/wp-content\/uploads\/2013\/08\/3_1-300x225.jpeg","medium_large":"https:\/\/test.demok.org\/wp-content\/uploads\/2013\/08\/3_1.jpeg","large":"https:\/\/test.demok.org\/wp-content\/uploads\/2013\/08\/3_1.jpeg","1536x1536":"https:\/\/test.demok.org\/wp-content\/uploads\/2013\/08\/3_1.jpeg","2048x2048":"https:\/\/test.demok.org\/wp-content\/uploads\/2013\/08\/3_1.jpeg","colormag-highlighted-post":"https:\/\/test.demok.org\/wp-content\/uploads\/2013\/08\/3_1-392x272.jpeg","colormag-featured-post-medium":"https:\/\/test.demok.org\/wp-content\/uploads\/2013\/08\/3_1-390x205.jpeg","colormag-featured-post-small":"https:\/\/test.demok.org\/wp-content\/uploads\/2013\/08\/3_1-130x90.jpeg","colormag-featured-image":"https:\/\/test.demok.org\/wp-content\/uploads\/2013\/08\/3_1-600x445.jpeg","colormag-default-news":"https:\/\/test.demok.org\/wp-content\/uploads\/2013\/08\/3_1-150x150.jpeg","colormag-featured-image-large":"https:\/\/test.demok.org\/wp-content\/uploads\/2013\/08\/3_1.jpeg"},"magazineBlocksPostAuthor":{"name":"emrekurt","avatar":"https:\/\/secure.gravatar.com\/avatar\/b5d76b0c442a766da6f628967390b1610913af44d5d0de09c7789d44b6213d59?s=96&d=mm&r=g"},"magazineBlocksPostCommentsNumber":"0","magazineBlocksPostExcerpt":"Diyarbak\u0131r geleneksel iftar yeme\u011fimiz, 31.07.2013&nbsp; tarihinde 19. Y\u00fczy\u0131l eseri Erdebil K\u00f6\u015fk\u00fc&#8217;nde ger\u00e7ekle\u015ftirildi. Diyarbak\u0131r temsilcimiz Ramazan Yurtseven&#8217;in organizasyonu ile d\u00fczenlenen yeme\u011fe","magazineBlocksPostCategories":["Malatya \u015eubesi","\u015eubelerden"],"magazineBlocksPostViewCount":24,"magazineBlocksPostReadTime":1,"magazine_blocks_featured_image_url":{"full":["https:\/\/test.demok.org\/wp-content\/uploads\/2013\/08\/3_1.jpeg",600,450,false],"medium":["https:\/\/test.demok.org\/wp-content\/uploads\/2013\/08\/3_1-300x225.jpeg",300,225,true],"thumbnail":["https:\/\/test.demok.org\/wp-content\/uploads\/2013\/08\/3_1-150x150.jpeg",150,150,true]},"magazine_blocks_author":{"display_name":"emrekurt","author_link":"https:\/\/test.demok.org\/index.php\/author\/emrekurt\/"},"magazine_blocks_comment":0,"magazine_blocks_author_image":"https:\/\/secure.gravatar.com\/avatar\/b5d76b0c442a766da6f628967390b1610913af44d5d0de09c7789d44b6213d59?s=96&d=mm&r=g","magazine_blocks_category":"<a href=\"https:\/\/test.demok.org\/index.php\/category\/malatya\/\" rel=\"category tag\">Malatya \u015eubesi<\/a> <a href=\"https:\/\/test.demok.org\/index.php\/category\/sube\/\" rel=\"category tag\">\u015eubelerden<\/a>","_links":{"self":[{"href":"https:\/\/test.demok.org\/index.php\/wp-json\/wp\/v2\/posts\/5944","targetHints":{"allow":["GET"]}}],"collection":[{"href":"https:\/\/test.demok.org\/index.php\/wp-json\/wp\/v2\/posts"}],"about":[{"href":"https:\/\/test.demok.org\/index.php\/wp-json\/wp\/v2\/types\/post"}],"author":[{"embeddable":true,"href":"https:\/\/test.demok.org\/index.php\/wp-json\/wp\/v2\/users\/2"}],"replies":[{"embeddable":true,"href":"https:\/\/test.demok.org\/index.php\/wp-json\/wp\/v2\/comments?post=5944"}],"version-history":[{"count":1,"href":"https:\/\/test.demok.org\/index.php\/wp-json\/wp\/v2\/posts\/5944\/revisions"}],"predecessor-version":[{"id":8062,"href":"https:\/\/test.demok.org\/index.php\/wp-json\/wp\/v2\/posts\/5944\/revisions\/8062"}],"wp:featuredmedia":[{"embeddable":true,"href":"https:\/\/test.demok.org\/index.php\/wp-json\/wp\/v2\/media\/8061"}],"wp:attachment":[{"href":"https:\/\/test.demok.org\/index.php\/wp-json\/wp\/v2\/media?parent=5944"}],"wp:term":[{"taxonomy":"category","embeddable":true,"href":"https:\/\/test.demok.org\/index.php\/wp-json\/wp\/v2\/categories?post=5944"},{"taxonomy":"post_tag","embeddable":true,"href":"https:\/\/test.demok.org\/index.php\/wp-json\/wp\/v2\/tags?post=5944"}],"curies":[{"name":"wp","href":"https:\/\/api.w.org\/{rel}","templated":true}]}}