{"id":7969,"date":"2025-02-12T14:34:51","date_gmt":"2025-02-12T11:34:51","guid":{"rendered":"http:\/\/localhost\/?p=7969"},"modified":"2025-02-19T22:34:42","modified_gmt":"2025-02-19T19:34:42","slug":"iyiligin-rengini-turuncu-yaptik-losev-ile-mandalina-hasadimiz","status":"publish","type":"post","link":"https:\/\/test.demok.org\/index.php\/2025\/02\/12\/iyiligin-rengini-turuncu-yaptik-losev-ile-mandalina-hasadimiz\/","title":{"rendered":"\u0130yili\u011fin Rengini Turuncu Yapt\u0131k: L\u00d6SEV ile Mandalina Hasad\u0131m\u0131z"},"content":{"rendered":"\n<div class=\"mzb-section mzb-section-b0b2fc88\"><div class=\"mzb-container\"><div class=\"mzb-section-inner\">\n<div class=\"mzb-column mzb-column-9e40b700\"><div class=\"mzb-column-inner\"><\/div><\/div>\n<\/div><\/div><\/div>\n\n\n\n<p>Sevgili DEMOK Ailesi,<\/p>\n\n\n\n<p>Bug\u00fcn \u0130zmir\u2019de, iyili\u011fin g\u00fcc\u00fcn\u00fc arkam\u0131za alarak umut dolu bir g\u00fcn\u00fc geride b\u0131rakt\u0131k. L\u00d6SEV\u2019in Seferihisar Do\u011fal Ya\u015fam \u00c7iftli\u011fi\u2019nde d\u00fczenlenen etkinli\u011fimizde, l\u00f6semili \u00e7ocuklar i\u00e7in umut ta\u015f\u0131yan mandalinalar\u0131 toplarken, o umudun bir par\u00e7as\u0131 oldu\u011fumuzu hissettik. Her bir mandalina, d\u00fcnyan\u0131n en lezzetli meyvesi gibiydi; zira lezzetlerini do\u011fal olmalar\u0131n\u0131n yan\u0131 s\u0131ra iyilik ve umutla kazanm\u0131\u015flard\u0131. Y\u00fczlerimizdeki tebess\u00fcm, daha \u00f6nce hi\u00e7 olmad\u0131\u011f\u0131 kadar ger\u00e7ekti. Bu \u00f6zel g\u00fcn\u00fc, iyili\u011fe ay\u0131rarak DEMOK\u2019lu olman\u0131n onurunu kalplerimizde bir kez daha ya\u015fad\u0131k.<\/p>\n\n\n\n<p>Bu anlaml\u0131 etkinli\u011fi ger\u00e7ekle\u015ftirmemizi sa\u011flayan ve m\u00fckemmel ev sahipli\u011fi ile bizleri a\u011f\u0131rlayan \u0130zmir \u015eube Ba\u015fkan\u0131m\u0131z O\u011fuzhan Kocao\u011flu ve y\u00f6netimine, L\u00d6SEV\u2019in \u0130zmir\u2019deki g\u00f6n\u00fcll\u00fc ve g\u00f6revlilerine, onursal \u00fcyemiz ve L\u00d6SEV g\u00f6n\u00fcll\u00fcs\u00fc Elif Ya\u011fmurdere Han\u0131mefendi\u2019ye sonsuz te\u015fekk\u00fcrlerimizi sunuyoruz. Ayr\u0131ca, bizleri Seferihisar Ya\u015fam \u00c7iftli\u011fi\u2019nde a\u011f\u0131rlayarak i\u00e7ten sunumlar\u0131yla bilin\u00e7lendiren Hasret Han\u0131m ve di\u011fer t\u00fcm L\u00d6SEV \u00e7al\u0131\u015fanlar\u0131na minnettar\u0131z.<\/p>\n\n\n\n<p>DEMOK olarak, iyili\u011fin etraf\u0131nda yeniden bulu\u015fabilmek dile\u011fiyle bu anlaml\u0131 g\u00fcn\u00fc kalbimizde ta\u015f\u0131yoruz. DEMOK\u2019lu olman\u0131n ayr\u0131cal\u0131\u011f\u0131n\u0131 bir kez daha en derin hislerimizle ya\u015f\u0131yor, gelecek g\u00fczel g\u00fcnlerde yeniden bir araya gelmeyi diliyoruz.<\/p>\n\n\n\n<p>Sevgi ve iyilikle kal\u0131n,<\/p>\n\n\n\n<p><\/p>\n","protected":false},"excerpt":{"rendered":"<p>Sevgili DEMOK Ailesi, Bug\u00fcn \u0130zmir\u2019de, iyili\u011fin g\u00fcc\u00fcn\u00fc arkam\u0131za alarak umut dolu bir g\u00fcn\u00fc geride b\u0131rakt\u0131k. L\u00d6SEV\u2019in Seferihisar Do\u011fal Ya\u015fam \u00c7iftli\u011fi\u2019nde<\/p>\n","protected":false},"author":1,"featured_media":7970,"comment_status":"open","ping_status":"open","sticky":false,"template":"","format":"standard","meta":{"ngg_post_thumbnail":0,"footnotes":""},"categories":[35,30],"tags":[],"class_list":["post-7969","post","type-post","status-publish","format-standard","has-post-thumbnail","hentry","category-genelmerkez","category-haberler"],"magazineBlocksPostFeaturedMedia":{"thumbnail":"https:\/\/test.demok.org\/wp-content\/uploads\/2025\/02\/WhatsApp-Image-2025-02-11-at-23.28.42-150x150.jpeg","medium":"https:\/\/test.demok.org\/wp-content\/uploads\/2025\/02\/WhatsApp-Image-2025-02-11-at-23.28.42-300x225.jpeg","medium_large":"https:\/\/test.demok.org\/wp-content\/uploads\/2025\/02\/WhatsApp-Image-2025-02-11-at-23.28.42-768x576.jpeg","large":"https:\/\/test.demok.org\/wp-content\/uploads\/2025\/02\/WhatsApp-Image-2025-02-11-at-23.28.42-1024x768.jpeg","1536x1536":"https:\/\/test.demok.org\/wp-content\/uploads\/2025\/02\/WhatsApp-Image-2025-02-11-at-23.28.42-1536x1152.jpeg","2048x2048":"https:\/\/test.demok.org\/wp-content\/uploads\/2025\/02\/WhatsApp-Image-2025-02-11-at-23.28.42.jpeg","colormag-highlighted-post":"https:\/\/test.demok.org\/wp-content\/uploads\/2025\/02\/WhatsApp-Image-2025-02-11-at-23.28.42-392x272.jpeg","colormag-featured-post-medium":"https:\/\/test.demok.org\/wp-content\/uploads\/2025\/02\/WhatsApp-Image-2025-02-11-at-23.28.42-390x205.jpeg","colormag-featured-post-small":"https:\/\/test.demok.org\/wp-content\/uploads\/2025\/02\/WhatsApp-Image-2025-02-11-at-23.28.42-130x90.jpeg","colormag-featured-image":"https:\/\/test.demok.org\/wp-content\/uploads\/2025\/02\/WhatsApp-Image-2025-02-11-at-23.28.42-800x445.jpeg","colormag-default-news":"https:\/\/test.demok.org\/wp-content\/uploads\/2025\/02\/WhatsApp-Image-2025-02-11-at-23.28.42-150x150.jpeg","colormag-featured-image-large":"https:\/\/test.demok.org\/wp-content\/uploads\/2025\/02\/WhatsApp-Image-2025-02-11-at-23.28.42-1400x600.jpeg"},"magazineBlocksPostAuthor":{"name":"demok","avatar":"https:\/\/secure.gravatar.com\/avatar\/9f5c36aa8f440a3b593bef073cd3c8619a928af11a5dceba8432cca86a80dd3a?s=96&d=mm&r=g"},"magazineBlocksPostCommentsNumber":"0","magazineBlocksPostExcerpt":"Sevgili DEMOK Ailesi, Bug\u00fcn \u0130zmir\u2019de, iyili\u011fin g\u00fcc\u00fcn\u00fc arkam\u0131za alarak umut dolu bir g\u00fcn\u00fc geride b\u0131rakt\u0131k. L\u00d6SEV\u2019in Seferihisar Do\u011fal Ya\u015fam \u00c7iftli\u011fi\u2019nde","magazineBlocksPostCategories":["Genel Merkez","Haberler"],"magazineBlocksPostViewCount":47,"magazineBlocksPostReadTime":2,"magazine_blocks_featured_image_url":{"full":["https:\/\/test.demok.org\/wp-content\/uploads\/2025\/02\/WhatsApp-Image-2025-02-11-at-23.28.42.jpeg",1600,1200,false],"medium":["https:\/\/test.demok.org\/wp-content\/uploads\/2025\/02\/WhatsApp-Image-2025-02-11-at-23.28.42-300x225.jpeg",300,225,true],"thumbnail":["https:\/\/test.demok.org\/wp-content\/uploads\/2025\/02\/WhatsApp-Image-2025-02-11-at-23.28.42-150x150.jpeg",150,150,true]},"magazine_blocks_author":{"display_name":"demok","author_link":"https:\/\/test.demok.org\/index.php\/author\/demok\/"},"magazine_blocks_comment":0,"magazine_blocks_author_image":"https:\/\/secure.gravatar.com\/avatar\/9f5c36aa8f440a3b593bef073cd3c8619a928af11a5dceba8432cca86a80dd3a?s=96&d=mm&r=g","magazine_blocks_category":"<a href=\"https:\/\/test.demok.org\/index.php\/category\/genelmerkez\/\" rel=\"category tag\">Genel Merkez<\/a> <a href=\"https:\/\/test.demok.org\/index.php\/category\/haberler\/\" rel=\"category tag\">Haberler<\/a>","_links":{"self":[{"href":"https:\/\/test.demok.org\/index.php\/wp-json\/wp\/v2\/posts\/7969","targetHints":{"allow":["GET"]}}],"collection":[{"href":"https:\/\/test.demok.org\/index.php\/wp-json\/wp\/v2\/posts"}],"about":[{"href":"https:\/\/test.demok.org\/index.php\/wp-json\/wp\/v2\/types\/post"}],"author":[{"embeddable":true,"href":"https:\/\/test.demok.org\/index.php\/wp-json\/wp\/v2\/users\/1"}],"replies":[{"embeddable":true,"href":"https:\/\/test.demok.org\/index.php\/wp-json\/wp\/v2\/comments?post=7969"}],"version-history":[{"count":2,"href":"https:\/\/test.demok.org\/index.php\/wp-json\/wp\/v2\/posts\/7969\/revisions"}],"predecessor-version":[{"id":7972,"href":"https:\/\/test.demok.org\/index.php\/wp-json\/wp\/v2\/posts\/7969\/revisions\/7972"}],"wp:featuredmedia":[{"embeddable":true,"href":"https:\/\/test.demok.org\/index.php\/wp-json\/wp\/v2\/media\/7970"}],"wp:attachment":[{"href":"https:\/\/test.demok.org\/index.php\/wp-json\/wp\/v2\/media?parent=7969"}],"wp:term":[{"taxonomy":"category","embeddable":true,"href":"https:\/\/test.demok.org\/index.php\/wp-json\/wp\/v2\/categories?post=7969"},{"taxonomy":"post_tag","embeddable":true,"href":"https:\/\/test.demok.org\/index.php\/wp-json\/wp\/v2\/tags?post=7969"}],"curies":[{"name":"wp","href":"https:\/\/api.w.org\/{rel}","templated":true}]}}