{"id":7974,"date":"2025-02-12T14:36:37","date_gmt":"2025-02-12T11:36:37","guid":{"rendered":"http:\/\/localhost\/?p=7974"},"modified":"2025-02-12T14:36:56","modified_gmt":"2025-02-12T11:36:56","slug":"tcdd-tasimacilik-as-sivas-bolge-mudur-yardimcisi-abdullah-terkesliye-tebrik-ziyareti","status":"publish","type":"post","link":"https:\/\/test.demok.org\/index.php\/2025\/02\/12\/tcdd-tasimacilik-as-sivas-bolge-mudur-yardimcisi-abdullah-terkesliye-tebrik-ziyareti\/","title":{"rendered":"TCDD Ta\u015f\u0131mac\u0131l\u0131k A\u015e Sivas B\u00f6lge M\u00fcd\u00fcr Yard\u0131mc\u0131s\u0131 Abdullah Terke\u015fli&#8217;ye Tebrik Ziyareti"},"content":{"rendered":"\n<p>De\u011ferli DEMOK Ailesi,<\/p>\n\n\n\n<p>1995 mezunumuz Abdullah Terke\u015fli\u2019nin, TCDD Ta\u015f\u0131mac\u0131l\u0131k A\u015e Sivas B\u00f6lge M\u00fcd\u00fcr Yard\u0131mc\u0131s\u0131 olarak atanmas\u0131n\u0131 b\u00fcy\u00fck bir mutlulukla \u00f6\u011frendik. Bu \u00f6nemli g\u00f6reve atanmas\u0131 dolay\u0131s\u0131yla, Sivas \u015eube Ba\u015fkan\u0131m\u0131z \u00d6zg\u00fcr Ayten ile birlikte kendisini ziyaret ettik ve yeni g\u00f6revinde ba\u015far\u0131 dileklerimizi ilettik.<\/p>\n\n\n\n<p>Abdullah Terke\u015fli&#8217;nin, uzun y\u0131llara dayanan tecr\u00fcbesi ve uzmanl\u0131\u011f\u0131yla TCDD Ta\u015f\u0131mac\u0131l\u0131k A\u015e\u2019ye de\u011fer kataca\u011f\u0131na inanc\u0131m\u0131z tamd\u0131r. Kendisine yeni g\u00f6revinde \u00fcst\u00fcn ba\u015far\u0131lar diliyoruz ve bu gurur verici geli\u015fmeyi t\u00fcm DEMOK ailemizle payla\u015fmaktan mutluluk duyuyoruz.<\/p>\n\n\n\n<p>Her zaman oldu\u011fu gibi mezunlar\u0131m\u0131z\u0131n ba\u015far\u0131lar\u0131yla gurur duyuyor, onlar\u0131n hem ki\u015fisel hem de profesyonel ya\u015famlar\u0131nda yanlar\u0131nda olmay\u0131 s\u00fcrd\u00fcr\u00fcyoruz. Abdullah Terke\u015fli\u2019ye \u00e7\u0131kt\u0131\u011f\u0131 bu yolda en i\u00e7ten dileklerimizle ba\u015far\u0131lar diler, temaslar\u0131m\u0131z\u0131n devam\u0131n\u0131 \u00fcmit ederiz.<\/p>\n\n\n\n<p>Sevgi ve ba\u015far\u0131larla dolu bir gelecek dile\u011fiyle.<\/p>\n","protected":false},"excerpt":{"rendered":"<p>De\u011ferli DEMOK Ailesi, 1995 mezunumuz Abdullah Terke\u015fli\u2019nin, TCDD Ta\u015f\u0131mac\u0131l\u0131k A\u015e Sivas B\u00f6lge M\u00fcd\u00fcr Yard\u0131mc\u0131s\u0131 olarak atanmas\u0131n\u0131 b\u00fcy\u00fck bir mutlulukla \u00f6\u011frendik.<\/p>\n","protected":false},"author":1,"featured_media":7975,"comment_status":"open","ping_status":"open","sticky":false,"template":"","format":"standard","meta":{"ngg_post_thumbnail":0,"footnotes":""},"categories":[35,30],"tags":[],"class_list":["post-7974","post","type-post","status-publish","format-standard","has-post-thumbnail","hentry","category-genelmerkez","category-haberler"],"magazineBlocksPostFeaturedMedia":{"thumbnail":"https:\/\/test.demok.org\/wp-content\/uploads\/2025\/02\/WhatsApp-Image-2025-02-11-at-23.35.00-150x150.jpeg","medium":"https:\/\/test.demok.org\/wp-content\/uploads\/2025\/02\/WhatsApp-Image-2025-02-11-at-23.35.00-300x225.jpeg","medium_large":"https:\/\/test.demok.org\/wp-content\/uploads\/2025\/02\/WhatsApp-Image-2025-02-11-at-23.35.00-768x576.jpeg","large":"https:\/\/test.demok.org\/wp-content\/uploads\/2025\/02\/WhatsApp-Image-2025-02-11-at-23.35.00-1024x768.jpeg","1536x1536":"https:\/\/test.demok.org\/wp-content\/uploads\/2025\/02\/WhatsApp-Image-2025-02-11-at-23.35.00-1536x1152.jpeg","2048x2048":"https:\/\/test.demok.org\/wp-content\/uploads\/2025\/02\/WhatsApp-Image-2025-02-11-at-23.35.00.jpeg","colormag-highlighted-post":"https:\/\/test.demok.org\/wp-content\/uploads\/2025\/02\/WhatsApp-Image-2025-02-11-at-23.35.00-392x272.jpeg","colormag-featured-post-medium":"https:\/\/test.demok.org\/wp-content\/uploads\/2025\/02\/WhatsApp-Image-2025-02-11-at-23.35.00-390x205.jpeg","colormag-featured-post-small":"https:\/\/test.demok.org\/wp-content\/uploads\/2025\/02\/WhatsApp-Image-2025-02-11-at-23.35.00-130x90.jpeg","colormag-featured-image":"https:\/\/test.demok.org\/wp-content\/uploads\/2025\/02\/WhatsApp-Image-2025-02-11-at-23.35.00-800x445.jpeg","colormag-default-news":"https:\/\/test.demok.org\/wp-content\/uploads\/2025\/02\/WhatsApp-Image-2025-02-11-at-23.35.00-150x150.jpeg","colormag-featured-image-large":"https:\/\/test.demok.org\/wp-content\/uploads\/2025\/02\/WhatsApp-Image-2025-02-11-at-23.35.00-1400x600.jpeg"},"magazineBlocksPostAuthor":{"name":"demok","avatar":"https:\/\/secure.gravatar.com\/avatar\/9f5c36aa8f440a3b593bef073cd3c8619a928af11a5dceba8432cca86a80dd3a?s=96&d=mm&r=g"},"magazineBlocksPostCommentsNumber":"0","magazineBlocksPostExcerpt":"De\u011ferli DEMOK Ailesi, 1995 mezunumuz Abdullah Terke\u015fli\u2019nin, TCDD Ta\u015f\u0131mac\u0131l\u0131k A\u015e Sivas B\u00f6lge M\u00fcd\u00fcr Yard\u0131mc\u0131s\u0131 olarak atanmas\u0131n\u0131 b\u00fcy\u00fck bir mutlulukla \u00f6\u011frendik.","magazineBlocksPostCategories":["Genel Merkez","Haberler"],"magazineBlocksPostViewCount":48,"magazineBlocksPostReadTime":1,"magazine_blocks_featured_image_url":{"full":["https:\/\/test.demok.org\/wp-content\/uploads\/2025\/02\/WhatsApp-Image-2025-02-11-at-23.35.00.jpeg",1600,1200,false],"medium":["https:\/\/test.demok.org\/wp-content\/uploads\/2025\/02\/WhatsApp-Image-2025-02-11-at-23.35.00-300x225.jpeg",300,225,true],"thumbnail":["https:\/\/test.demok.org\/wp-content\/uploads\/2025\/02\/WhatsApp-Image-2025-02-11-at-23.35.00-150x150.jpeg",150,150,true]},"magazine_blocks_author":{"display_name":"demok","author_link":"https:\/\/test.demok.org\/index.php\/author\/demok\/"},"magazine_blocks_comment":1,"magazine_blocks_author_image":"https:\/\/secure.gravatar.com\/avatar\/9f5c36aa8f440a3b593bef073cd3c8619a928af11a5dceba8432cca86a80dd3a?s=96&d=mm&r=g","magazine_blocks_category":"<a href=\"https:\/\/test.demok.org\/index.php\/category\/genelmerkez\/\" rel=\"category tag\">Genel Merkez<\/a> <a href=\"https:\/\/test.demok.org\/index.php\/category\/haberler\/\" rel=\"category tag\">Haberler<\/a>","_links":{"self":[{"href":"https:\/\/test.demok.org\/index.php\/wp-json\/wp\/v2\/posts\/7974","targetHints":{"allow":["GET"]}}],"collection":[{"href":"https:\/\/test.demok.org\/index.php\/wp-json\/wp\/v2\/posts"}],"about":[{"href":"https:\/\/test.demok.org\/index.php\/wp-json\/wp\/v2\/types\/post"}],"author":[{"embeddable":true,"href":"https:\/\/test.demok.org\/index.php\/wp-json\/wp\/v2\/users\/1"}],"replies":[{"embeddable":true,"href":"https:\/\/test.demok.org\/index.php\/wp-json\/wp\/v2\/comments?post=7974"}],"version-history":[{"count":1,"href":"https:\/\/test.demok.org\/index.php\/wp-json\/wp\/v2\/posts\/7974\/revisions"}],"predecessor-version":[{"id":7976,"href":"https:\/\/test.demok.org\/index.php\/wp-json\/wp\/v2\/posts\/7974\/revisions\/7976"}],"wp:featuredmedia":[{"embeddable":true,"href":"https:\/\/test.demok.org\/index.php\/wp-json\/wp\/v2\/media\/7975"}],"wp:attachment":[{"href":"https:\/\/test.demok.org\/index.php\/wp-json\/wp\/v2\/media?parent=7974"}],"wp:term":[{"taxonomy":"category","embeddable":true,"href":"https:\/\/test.demok.org\/index.php\/wp-json\/wp\/v2\/categories?post=7974"},{"taxonomy":"post_tag","embeddable":true,"href":"https:\/\/test.demok.org\/index.php\/wp-json\/wp\/v2\/tags?post=7974"}],"curies":[{"name":"wp","href":"https:\/\/api.w.org\/{rel}","templated":true}]}}