{"id":7977,"date":"2025-02-12T14:40:09","date_gmt":"2025-02-12T11:40:09","guid":{"rendered":"http:\/\/localhost\/?p=7977"},"modified":"2025-02-12T14:40:09","modified_gmt":"2025-02-12T11:40:09","slug":"yeni-doneme-merhaba","status":"publish","type":"post","link":"https:\/\/test.demok.org\/index.php\/2025\/02\/12\/yeni-doneme-merhaba\/","title":{"rendered":"Yeni D\u00f6neme Merhaba"},"content":{"rendered":"\n<p>De\u011ferli DEMOK&#8217;lular<\/p>\n\n\n\n<p>Hepinize merhaba diyerek s\u00f6zlerime ba\u015flamak istiyorum. Bug\u00fcn, DEMOK ailesinin yeni bir d\u00f6nemine ba\u015flarken Genel kurulumuz sonras\u0131nda ilk kez bu platformda sizlerle birlikte olman\u0131n mutlulu\u011funu ya\u015f\u0131yorum.<\/p>\n\n\n\n<p>G\u00f6reve ba\u015flam\u0131\u015f ve h\u0131zl\u0131 bir \u015fekilde faaliyetlerini ger\u00e7ekle\u015ftirmeye \u00e7al\u0131\u015fan y\u00f6netim kurulumuza , hepinizin katk\u0131lar\u0131n\u0131n ve deste\u011finin b\u00fcy\u00fck \u00f6nem ta\u015f\u0131d\u0131\u011f\u0131n\u0131 belirtmek isterim. Hep birlikte ger\u00e7ekle\u015ftirece\u011fimiz projelerde, ortak hedeflere ula\u015fmada g\u00f6sterece\u011fimiz birlik ve dayan\u0131\u015fma, DEMOK\u2019un g\u00fcc\u00fcn\u00fc ve bizlerin inanc\u0131n\u0131 daha da art\u0131racakt\u0131r.<\/p>\n\n\n\n<p>Yeni d\u00f6nemde, siz de\u011ferli \u00fcyelerimizin fikirleri, enerjisi ve \u00f6zverisiyle daha g\u00fc\u00e7l\u00fc bir yap\u0131 olu\u015fturaca\u011f\u0131m\u0131za olan inanc\u0131m tamd\u0131r. Hep birlikte, DEMOK ailesini daha parlak bir gelece\u011fe ta\u015f\u0131mak i\u00e7in el birli\u011fiyle \u00e7al\u0131\u015faca\u011f\u0131m\u0131z\u0131 \u00fcyelerimize tek tek ula\u015farak fikir isti\u015farelerinde bulunulacak uzun bir yolculu\u011fun ba\u015flang\u0131c\u0131nda oldu\u011fumuzu bilmenizi isterim.<br>Bu yolculukta g\u00f6sterdi\u011finiz g\u00fcven ve deste\u011finiz,verece\u011finiz yol g\u00f6sterici fikirler,de\u011ferli ele\u015ftiriler,bizlerin bak\u0131\u015f a\u00e7\u0131s\u0131na katk\u0131s\u0131 ve projelerimiz i\u00e7in \u00e7ok \u00f6nem arz etmektedir. E\u015fsiz olaca\u011f\u0131na inand\u0131\u011f\u0131m idealar ve deneyimler i\u00e7in her birinize \u015fimdiden te\u015fekk\u00fcr ederim.<\/p>\n\n\n\n<p>Y\u0131lg\u0131nl\u0131k ya\u015famayaca\u011f\u0131z her t\u00fcrl\u00fc engelleri a\u015farak kimilerine g\u00f6re \u00fctopik gelen hayallerimizi hep birlikte ger\u00e7ekle\u015ftirece\u011fiz, yorulmayacak, asla pes etmeyece\u011fiz, olas\u0131 bir yorgunluk an\u0131nda Demiryollar\u0131n\u0131n en k\u00f6kl\u00fc derne\u011finin \u00fcyeleri, Mezunlar\u0131m\u0131z bizlere enerji verecek. Biliyorum hayal etti\u011fimiz her \u015fey ama her\u015fey ger\u00e7ekle\u015fecek hep birlikte bu s\u00fcrecin bir par\u00e7as\u0131 olup ba\u015farman\u0131n hazz\u0131n\u0131 birlikte tadaca\u011f\u0131z. Hepiniz birer Kardelensiniz, Kardelenler hi\u00e7 umulmad\u0131k anlarda umulmad\u0131k yerlerde ortaya \u00e7\u0131kan umut ci\u00e7i\u00e7ekleridir. Umudunuzu hi\u00e7bir zaman hangi ahval ve \u015ferait i\u00e7erisinde olursan\u0131z olun kaybetmeyin \u00e7\u00fcnk\u00fc her\u015fey yeniden ba\u015fl\u0131yor, yeniden ba\u015flama azminizi yitirdi\u011finiz bir an gelirse Atam\u0131z\u0131n s\u00f6ylemi\u015f oldu\u011fu muhta\u00e7 oldu\u011funuz kudret damarlar\u0131n\u0131zdaki asil kanda mevcuttur s\u00f6z\u00fc k\u0131lavuzunuz olsun. Fikirlerimizin hayata ge\u00e7mesinin g\u00fcnlerine \u00e7abucak varmak ve sizlerle bir araya gelmenin heyecan\u0131n\u0131 tekrardan ya\u015fanmak i\u00e7in \u015fimdilik burda bir virg\u00fcl koyuyor sizleri en kalbi duygular\u0131mla ve muhabbetle selaml\u0131yorum.<\/p>\n\n\n\n<p>Sayg\u0131lar\u0131mla<br>Ahmet Turan Demir<br>Genel Ba\u015fkan<\/p>\n","protected":false},"excerpt":{"rendered":"<p>De\u011ferli DEMOK&#8217;lular Hepinize merhaba diyerek s\u00f6zlerime ba\u015flamak istiyorum. Bug\u00fcn, DEMOK ailesinin yeni bir d\u00f6nemine ba\u015flarken Genel kurulumuz sonras\u0131nda ilk kez<\/p>\n","protected":false},"author":1,"featured_media":7978,"comment_status":"open","ping_status":"open","sticky":false,"template":"","format":"standard","meta":{"ngg_post_thumbnail":0,"footnotes":""},"categories":[59,41,35,30],"tags":[],"class_list":["post-7977","post","type-post","status-publish","format-standard","has-post-thumbnail","hentry","category-baskan","category-duyurlar","category-genelmerkez","category-haberler"],"magazineBlocksPostFeaturedMedia":{"thumbnail":"https:\/\/test.demok.org\/wp-content\/uploads\/2025\/02\/WhatsApp-Image-2025-02-11-at-23.07.06-150x150.jpeg","medium":"https:\/\/test.demok.org\/wp-content\/uploads\/2025\/02\/WhatsApp-Image-2025-02-11-at-23.07.06-300x200.jpeg","medium_large":"https:\/\/test.demok.org\/wp-content\/uploads\/2025\/02\/WhatsApp-Image-2025-02-11-at-23.07.06-768x512.jpeg","large":"https:\/\/test.demok.org\/wp-content\/uploads\/2025\/02\/WhatsApp-Image-2025-02-11-at-23.07.06-1024x682.jpeg","1536x1536":"https:\/\/test.demok.org\/wp-content\/uploads\/2025\/02\/WhatsApp-Image-2025-02-11-at-23.07.06-1536x1023.jpeg","2048x2048":"https:\/\/test.demok.org\/wp-content\/uploads\/2025\/02\/WhatsApp-Image-2025-02-11-at-23.07.06.jpeg","colormag-highlighted-post":"https:\/\/test.demok.org\/wp-content\/uploads\/2025\/02\/WhatsApp-Image-2025-02-11-at-23.07.06-392x272.jpeg","colormag-featured-post-medium":"https:\/\/test.demok.org\/wp-content\/uploads\/2025\/02\/WhatsApp-Image-2025-02-11-at-23.07.06-390x205.jpeg","colormag-featured-post-small":"https:\/\/test.demok.org\/wp-content\/uploads\/2025\/02\/WhatsApp-Image-2025-02-11-at-23.07.06-130x90.jpeg","colormag-featured-image":"https:\/\/test.demok.org\/wp-content\/uploads\/2025\/02\/WhatsApp-Image-2025-02-11-at-23.07.06-800x445.jpeg","colormag-default-news":"https:\/\/test.demok.org\/wp-content\/uploads\/2025\/02\/WhatsApp-Image-2025-02-11-at-23.07.06-150x150.jpeg","colormag-featured-image-large":"https:\/\/test.demok.org\/wp-content\/uploads\/2025\/02\/WhatsApp-Image-2025-02-11-at-23.07.06-1400x600.jpeg"},"magazineBlocksPostAuthor":{"name":"demok","avatar":"https:\/\/secure.gravatar.com\/avatar\/9f5c36aa8f440a3b593bef073cd3c8619a928af11a5dceba8432cca86a80dd3a?s=96&d=mm&r=g"},"magazineBlocksPostCommentsNumber":"0","magazineBlocksPostExcerpt":"De\u011ferli DEMOK&#8217;lular Hepinize merhaba diyerek s\u00f6zlerime ba\u015flamak istiyorum. Bug\u00fcn, DEMOK ailesinin yeni bir d\u00f6nemine ba\u015flarken Genel kurulumuz sonras\u0131nda ilk kez","magazineBlocksPostCategories":["Ba\u015fkandan","Duyurular","Genel Merkez","Haberler"],"magazineBlocksPostViewCount":43,"magazineBlocksPostReadTime":3,"magazine_blocks_featured_image_url":{"full":["https:\/\/test.demok.org\/wp-content\/uploads\/2025\/02\/WhatsApp-Image-2025-02-11-at-23.07.06.jpeg",1600,1066,false],"medium":["https:\/\/test.demok.org\/wp-content\/uploads\/2025\/02\/WhatsApp-Image-2025-02-11-at-23.07.06-300x200.jpeg",300,200,true],"thumbnail":["https:\/\/test.demok.org\/wp-content\/uploads\/2025\/02\/WhatsApp-Image-2025-02-11-at-23.07.06-150x150.jpeg",150,150,true]},"magazine_blocks_author":{"display_name":"demok","author_link":"https:\/\/test.demok.org\/index.php\/author\/demok\/"},"magazine_blocks_comment":0,"magazine_blocks_author_image":"https:\/\/secure.gravatar.com\/avatar\/9f5c36aa8f440a3b593bef073cd3c8619a928af11a5dceba8432cca86a80dd3a?s=96&d=mm&r=g","magazine_blocks_category":"<a href=\"https:\/\/test.demok.org\/index.php\/category\/baskan\/\" rel=\"category tag\">Ba\u015fkandan<\/a> <a href=\"https:\/\/test.demok.org\/index.php\/category\/duyurlar\/\" rel=\"category tag\">Duyurular<\/a> <a href=\"https:\/\/test.demok.org\/index.php\/category\/genelmerkez\/\" rel=\"category tag\">Genel Merkez<\/a> <a href=\"https:\/\/test.demok.org\/index.php\/category\/haberler\/\" rel=\"category tag\">Haberler<\/a>","_links":{"self":[{"href":"https:\/\/test.demok.org\/index.php\/wp-json\/wp\/v2\/posts\/7977","targetHints":{"allow":["GET"]}}],"collection":[{"href":"https:\/\/test.demok.org\/index.php\/wp-json\/wp\/v2\/posts"}],"about":[{"href":"https:\/\/test.demok.org\/index.php\/wp-json\/wp\/v2\/types\/post"}],"author":[{"embeddable":true,"href":"https:\/\/test.demok.org\/index.php\/wp-json\/wp\/v2\/users\/1"}],"replies":[{"embeddable":true,"href":"https:\/\/test.demok.org\/index.php\/wp-json\/wp\/v2\/comments?post=7977"}],"version-history":[{"count":1,"href":"https:\/\/test.demok.org\/index.php\/wp-json\/wp\/v2\/posts\/7977\/revisions"}],"predecessor-version":[{"id":7979,"href":"https:\/\/test.demok.org\/index.php\/wp-json\/wp\/v2\/posts\/7977\/revisions\/7979"}],"wp:featuredmedia":[{"embeddable":true,"href":"https:\/\/test.demok.org\/index.php\/wp-json\/wp\/v2\/media\/7978"}],"wp:attachment":[{"href":"https:\/\/test.demok.org\/index.php\/wp-json\/wp\/v2\/media?parent=7977"}],"wp:term":[{"taxonomy":"category","embeddable":true,"href":"https:\/\/test.demok.org\/index.php\/wp-json\/wp\/v2\/categories?post=7977"},{"taxonomy":"post_tag","embeddable":true,"href":"https:\/\/test.demok.org\/index.php\/wp-json\/wp\/v2\/tags?post=7977"}],"curies":[{"name":"wp","href":"https:\/\/api.w.org\/{rel}","templated":true}]}}